{"id":4890,"date":"2019-11-12T09:54:00","date_gmt":"2019-11-12T08:54:00","guid":{"rendered":"https:\/\/www.slavonski-planinari.hr\/arhiva\/?p=4890"},"modified":"2023-01-31T09:57:10","modified_gmt":"2023-01-31T08:57:10","slug":"kutjevo-martinje-10-11-2019","status":"publish","type":"post","link":"https:\/\/www.slavonski-planinari.hr\/arhiva\/kutjevo-martinje-10-11-2019\/","title":{"rendered":"Kutjevo &#8211; Martinje 10.11. 2019."},"content":{"rendered":"<p>[et_pb_section fb_built=&#8221;1&#8243; theme_builder_area=&#8221;post_content&#8221; _builder_version=&#8221;4.19.5&#8243; _module_preset=&#8221;default&#8221;][et_pb_row _builder_version=&#8221;4.19.5&#8243; _module_preset=&#8221;default&#8221; theme_builder_area=&#8221;post_content&#8221;][et_pb_column _builder_version=&#8221;4.19.5&#8243; _module_preset=&#8221;default&#8221; type=&#8221;4_4&#8243; theme_builder_area=&#8221;post_content&#8221;][et_pb_text _builder_version=&#8221;4.19.5&#8243; _module_preset=&#8221;default&#8221; theme_builder_area=&#8221;post_content&#8221; hover_enabled=&#8221;0&#8243; sticky_enabled=&#8221;0&#8243;]<\/p>\n<h4 style=\"text-align: justify;\">Dojmovi planinara HPD Beli\u0161\u0107e s Martinja u Kutjevu<\/h4>\n<p style=\"text-align: justify;\">Kao i proteklih godina i ove smo se godine odazvali u Kutjevo na \u201eKutjeva\u010dko Martinje\u201c.<\/p>\n<p style=\"text-align: justify;\">I ove godine se okupilo puno planinarskih dru\u0161tava iz svih krajeva Hrvatske, te planinari iz BIH i Slovenije. Iako je ki\u0161a padala, mi nismo odustali od na\u0161eg puta. Iz na\u0161eg dru\u0161tva bilo nas je 25 planinara. Vidjeli smo se s brojnim planinarskim prijateljima.<\/p>\n<p style=\"text-align: justify;\">Doma\u0107ini su se ponovno pokazali u dobroj organizaciji i gastronomskoj ponudi. Nakon okrjepe i pozdravnih rije\u010di grupe su krenule pod vodstvom doma\u0107ih vodi\u010da na staze. Staze nisu zahtjevne, no zbog ki\u0161e i vi\u0161eslojnog li\u0161\u0107a trebalo je opreza u hodu. Oko podneva napokon smo do\u010dekali i prestanak ki\u0161e. Planinari se polako vra\u0107aju na Trg Gra\u0161evine gdje je svirala \u017eiva glazba.<\/p>\n<p style=\"text-align: justify;\">Oko 14 sati ispred crkve nazo\u010dni smo obredu kr\u0161tenja vina. Zainteresirani su mogli obi\u0107i Kutjeva\u010dke vinske podrume. Nakon toga povorka kre\u0107e natrag na Trg i tamo je humoristi\u010dni obred kr\u0161tenja vina. Ispod postavljenih \u0161atora slu\u017eio se pe\u010deni vol sa ra\u017enja, pe\u010deni pili\u0107i i kiseli kupus s koljenicom, uz sve to i obilje doma\u0107ih vina. Slijedi pjesma i ples na prostranom trgu. Mi po na\u0161em dogovoru u 17 sati kre\u0107emo doma.<\/p>\n<p style=\"text-align: right;\">Goran Mari\u010di\u0107, predsjednik HPD Beli\u0161\u0107e<\/p>\n<p>[\/et_pb_text][et_pb_gallery _builder_version=&#8221;4.19.5&#8243; _module_preset=&#8221;default&#8221; theme_builder_area=&#8221;post_content&#8221; gallery_ids=&#8221;4892,4893,4894,4895,4896,4897,4898,4899,4900,4901,4902,4903,4904&#8243; posts_number=&#8221;13&#8243; show_title_and_caption=&#8221;off&#8221; hover_enabled=&#8221;0&#8243; sticky_enabled=&#8221;0&#8243;][\/et_pb_gallery][\/et_pb_column][\/et_pb_row][\/et_pb_section]<\/p>\n","protected":false},"excerpt":{"rendered":"<p>Dojmovi planinara HPD Beli\u0161\u0107e s Martinja u Kutjevu Kao i proteklih godina i ove smo se godine odazvali u Kutjevo na \u201eKutjeva\u010dko Martinje\u201c. I ove godine se okupilo puno planinarskih dru\u0161tava iz svih krajeva Hrvatske, te planinari iz BIH i Slovenije. Iako je ki\u0161a padala, mi nismo odustali od na\u0161eg puta. Iz na\u0161eg dru\u0161tva bilo [&hellip;]<\/p>\n","protected":false},"author":1,"featured_media":0,"comment_status":"closed","ping_status":"open","sticky":false,"template":"","format":"standard","meta":{"_et_pb_use_builder":"on","_et_pb_old_content":"","_et_gb_content_width":"1080","footnotes":""},"categories":[33],"tags":[],"class_list":["post-4890","post","type-post","status-publish","format-standard","hentry","category-33"],"_links":{"self":[{"href":"https:\/\/www.slavonski-planinari.hr\/arhiva\/wp-json\/wp\/v2\/posts\/4890","targetHints":{"allow":["GET"]}}],"collection":[{"href":"https:\/\/www.slavonski-planinari.hr\/arhiva\/wp-json\/wp\/v2\/posts"}],"about":[{"href":"https:\/\/www.slavonski-planinari.hr\/arhiva\/wp-json\/wp\/v2\/types\/post"}],"author":[{"embeddable":true,"href":"https:\/\/www.slavonski-planinari.hr\/arhiva\/wp-json\/wp\/v2\/users\/1"}],"replies":[{"embeddable":true,"href":"https:\/\/www.slavonski-planinari.hr\/arhiva\/wp-json\/wp\/v2\/comments?post=4890"}],"version-history":[{"count":0,"href":"https:\/\/www.slavonski-planinari.hr\/arhiva\/wp-json\/wp\/v2\/posts\/4890\/revisions"}],"wp:attachment":[{"href":"https:\/\/www.slavonski-planinari.hr\/arhiva\/wp-json\/wp\/v2\/media?parent=4890"}],"wp:term":[{"taxonomy":"category","embeddable":true,"href":"https:\/\/www.slavonski-planinari.hr\/arhiva\/wp-json\/wp\/v2\/categories?post=4890"},{"taxonomy":"post_tag","embeddable":true,"href":"https:\/\/www.slavonski-planinari.hr\/arhiva\/wp-json\/wp\/v2\/tags?post=4890"}],"curies":[{"name":"wp","href":"https:\/\/api.w.org\/{rel}","templated":true}]}}