{"id":4853,"date":"2019-10-17T09:40:00","date_gmt":"2019-10-17T08:40:00","guid":{"rendered":"https:\/\/www.slavonski-planinari.hr\/arhiva\/?p=4853"},"modified":"2023-01-31T09:41:25","modified_gmt":"2023-01-31T08:41:25","slug":"jesen-na-dilju-4","status":"publish","type":"post","link":"https:\/\/www.slavonski-planinari.hr\/arhiva\/jesen-na-dilju-4\/","title":{"rendered":"Jesen na Dilju"},"content":{"rendered":"<p>[et_pb_section fb_built=&#8221;1&#8243; theme_builder_area=&#8221;post_content&#8221; _builder_version=&#8221;4.19.5&#8243; _module_preset=&#8221;default&#8221; custom_padding=&#8221;||176px|||&#8221;][et_pb_row _builder_version=&#8221;4.19.5&#8243; _module_preset=&#8221;default&#8221; theme_builder_area=&#8221;post_content&#8221;][et_pb_column _builder_version=&#8221;4.19.5&#8243; _module_preset=&#8221;default&#8221; type=&#8221;4_4&#8243; theme_builder_area=&#8221;post_content&#8221;][et_pb_text _builder_version=&#8221;4.19.5&#8243; _module_preset=&#8221;default&#8221; theme_builder_area=&#8221;post_content&#8221; hover_enabled=&#8221;0&#8243; sticky_enabled=&#8221;0&#8243;]<\/p>\n<div class=\"itemIntroText\">\n<p><img loading=\"lazy\" decoding=\"async\" src=\"https:\/\/www.slavonski-planinari.hr\/arhiva\/wp-content\/uploads\/2023\/01\/tikvica2019.jpg\" width=\"170\" height=\"113\" alt=\"\" class=\"wp-image-4855 alignleft size-full\" \/>Hrvatsko planinarsku dru\u0161tvo &#8220;Tikvica&#8221; \u017dupanja organizira tradicionalni pohod Prezdan-\u010cardak &#8220;Jesen na Dilju&#8221; u subotu, 26.10.2019.<\/p>\n<p>&nbsp;<\/p>\n<p>&nbsp;<\/p>\n<p>&nbsp;<\/p>\n<\/div>\n<div class=\"itemFullText\">\n<p>Program pohoda:<\/p>\n<p>9:00-10:00 &#8211; okupljanje planinara kod lova\u010dkog doma &#8220;Prezdanak&#8221;, kratko dru\u017eenje uz \u010daj i doru\u010dak<br \/>10:00 &#8211; polazak na pohod, staza &#8220;Prezdan-\u010cardak&#8221;<br \/>14:00 predvi\u0111en povratak planinara do lova\u010dkog doma, gdje \u0107e biti osiguran besplatan ru\u010dak i pi\u0107e po primjerenim cjenama i dru\u017eenje uz tambura\u0161e<br \/>16:00-16:30 &#8211; zatvaranje pohoda i ispra\u0107aj gostiju.<\/p>\n<p>Molimo da svaki sudionik ponese svoju posudu i pribor.<\/p>\n<p>Kontakt telefon: 099-7328463, Nevenka Kova\u010devi\u0107<\/p>\n<\/div>\n<p>[\/et_pb_text][\/et_pb_column][\/et_pb_row][\/et_pb_section]<\/p>\n","protected":false},"excerpt":{"rendered":"<p>Hrvatsko planinarsku dru\u0161tvo &#8220;Tikvica&#8221; \u017dupanja organizira tradicionalni pohod Prezdan-\u010cardak &#8220;Jesen na Dilju&#8221; u subotu, 26.10.2019. &nbsp; &nbsp; &nbsp; Program pohoda: 9:00-10:00 &#8211; okupljanje planinara kod lova\u010dkog doma &#8220;Prezdanak&#8221;, kratko dru\u017eenje uz \u010daj i doru\u010dak10:00 &#8211; polazak na pohod, staza &#8220;Prezdan-\u010cardak&#8221;14:00 predvi\u0111en povratak planinara do lova\u010dkog doma, gdje \u0107e biti osiguran besplatan ru\u010dak i pi\u0107e po [&hellip;]<\/p>\n","protected":false},"author":1,"featured_media":0,"comment_status":"closed","ping_status":"open","sticky":false,"template":"","format":"standard","meta":{"_et_pb_use_builder":"on","_et_pb_old_content":"","_et_gb_content_width":"1080","footnotes":""},"categories":[33],"tags":[],"class_list":["post-4853","post","type-post","status-publish","format-standard","hentry","category-33"],"_links":{"self":[{"href":"https:\/\/www.slavonski-planinari.hr\/arhiva\/wp-json\/wp\/v2\/posts\/4853","targetHints":{"allow":["GET"]}}],"collection":[{"href":"https:\/\/www.slavonski-planinari.hr\/arhiva\/wp-json\/wp\/v2\/posts"}],"about":[{"href":"https:\/\/www.slavonski-planinari.hr\/arhiva\/wp-json\/wp\/v2\/types\/post"}],"author":[{"embeddable":true,"href":"https:\/\/www.slavonski-planinari.hr\/arhiva\/wp-json\/wp\/v2\/users\/1"}],"replies":[{"embeddable":true,"href":"https:\/\/www.slavonski-planinari.hr\/arhiva\/wp-json\/wp\/v2\/comments?post=4853"}],"version-history":[{"count":0,"href":"https:\/\/www.slavonski-planinari.hr\/arhiva\/wp-json\/wp\/v2\/posts\/4853\/revisions"}],"wp:attachment":[{"href":"https:\/\/www.slavonski-planinari.hr\/arhiva\/wp-json\/wp\/v2\/media?parent=4853"}],"wp:term":[{"taxonomy":"category","embeddable":true,"href":"https:\/\/www.slavonski-planinari.hr\/arhiva\/wp-json\/wp\/v2\/categories?post=4853"},{"taxonomy":"post_tag","embeddable":true,"href":"https:\/\/www.slavonski-planinari.hr\/arhiva\/wp-json\/wp\/v2\/tags?post=4853"}],"curies":[{"name":"wp","href":"https:\/\/api.w.org\/{rel}","templated":true}]}}