{"id":4838,"date":"2019-08-20T09:32:00","date_gmt":"2019-08-20T08:32:00","guid":{"rendered":"https:\/\/www.slavonski-planinari.hr\/arhiva\/?p=4838"},"modified":"2023-01-31T09:34:40","modified_gmt":"2023-01-31T08:34:40","slug":"nasicki-planinari-se-popeli-na-olimp-i-brojne-vrhove-u-makedoniji","status":"publish","type":"post","link":"https:\/\/www.slavonski-planinari.hr\/arhiva\/nasicki-planinari-se-popeli-na-olimp-i-brojne-vrhove-u-makedoniji\/","title":{"rendered":"Na\u0161i\u010dki planinari se popeli na Olimp i brojne vrhove u Makedoniji"},"content":{"rendered":"<p>[et_pb_section fb_built=&#8221;1&#8243; theme_builder_area=&#8221;post_content&#8221; _builder_version=&#8221;4.19.5&#8243; _module_preset=&#8221;default&#8221;][et_pb_row _builder_version=&#8221;4.19.5&#8243; _module_preset=&#8221;default&#8221; theme_builder_area=&#8221;post_content&#8221;][et_pb_column _builder_version=&#8221;4.19.5&#8243; _module_preset=&#8221;default&#8221; type=&#8221;4_4&#8243; theme_builder_area=&#8221;post_content&#8221;][et_pb_text _builder_version=&#8221;4.19.5&#8243; _module_preset=&#8221;default&#8221; theme_builder_area=&#8221;post_content&#8221; hover_enabled=&#8221;0&#8243; sticky_enabled=&#8221;0&#8243;]<\/p>\n<p style=\"text-align: justify;\">Svake godine \u010dlanovi PD &#8220;Na\u0161ice&#8221; organiziraju sredi\u0161nji, odnosno godi\u0161nji izlet. Ove godine odlu\u010dili smo se za Makedoniju i Gr\u010dku. Izlet je organiziran od 19.- 29. srpnja i sudjelovalo je 16 \u010dlanova. Te\u0161ko je opisati \u0161to smo sve pro\u0161li u 11 dana.<\/p>\n<p style=\"text-align: justify;\">Uz jako puno planinarenja, bilo je tu kulturno- povijesnih i prirodnih ljepota ovih dviju zemalja. U\u017eivali smo u ljepotama glavnog grada Makedonije Skoplja uz vodstvo na\u0161eg dragog vodi\u010da \u017divka Temelkovskog i popeli se na skopsku planinu Vodno (1066 mnv) na kojoj stoji grandiozni kri\u017e postavljen u \u010dast 2000 godina ro\u0111enja Isusa Krista. Posjetili smo kanjoj rijeke Matke iznad kojeg se izdi\u017eu stjenovite klisure i koji je alpinisti\u010dko sredi\u0161te Makedonije. U\u017eivali smo u gostoprimstvu doma\u0107ina na Popovoj \u0160apki i popeli se na Titov vrh (2747 mnv- drugi najvi\u0161i vrh Makedonije) na \u017eivopisnoj planini \u0160ari.<\/p>\n<p style=\"text-align: justify;\">Posjetili smo i Nacionalni park Mavrovo, grad Tetovo, Mavrovsko jezero i poznati manastir sv. Ivana Bigorskog. Popeli smo se na Golem Korab (2764 mnv), najvi\u0161i vrh Makedonije koji se nalazi na granici s Albanijom. Razgledavali smo grad Struge i prelijepi Ohrid te ogromno Ohridsko jezero s poznatim samostanima sv. Nauma i izvorima ohrdskog jezera koje smo vidjeli vo\u017enjom u \u010damcima.<\/p>\n<p style=\"text-align: justify;\">Popeli smo se i na vrh Magaro (2255 mnv) u Nacionalnom parku Gali\u010dica s kojeg smo gledali na Ohridsko i Prespansko jezero Nakon toga smo vidjeli i Bitolu, drugi najve\u0107i grad Makedonije i ostatke anti\u010dkog grada Herakleje s najo\u010duvanijim mozaikom na svijetu. Popeli smo se i na vrh Pelister ( 2601 mnv) u Nacionalom parku Pelister u turi koja je trajala 12 i pol sati.<\/p>\n<p style=\"text-align: justify;\"><img loading=\"lazy\" decoding=\"async\" src=\"https:\/\/www.slavonski-planinari.hr\/arhiva\/wp-content\/uploads\/2023\/01\/nasice1-1.jpg\" width=\"700\" height=\"525\" alt=\"\" class=\"wp-image-4840 aligncenter size-full\" srcset=\"https:\/\/www.slavonski-planinari.hr\/arhiva\/wp-content\/uploads\/2023\/01\/nasice1-1.jpg 700w, https:\/\/www.slavonski-planinari.hr\/arhiva\/wp-content\/uploads\/2023\/01\/nasice1-1-480x360.jpg 480w\" sizes=\"(min-width: 0px) and (max-width: 480px) 480px, (min-width: 481px) 700px, 100vw\" \/><\/p>\n<p style=\"text-align: justify;\">Pozdravili smo se s Makedonijom i nastavili put Gr\u010dke. Posjetili smo grad Solun i kupali se u Egejskom moru u gradi\u0107u Leptokariji podno Olimpa. Smjestili smo se u gradu Kalampaki iznad kojeg se nalaze \u010duveni manastiri Meteori koje smo razgledali. Sredi\u0161nji dio izleta i \u0161e\u0107er na kraju bio je uspon na Olimp, planinu gr\u010dkih bogova. Iznad gradi\u0107a Lytochora do\u0161li smo na po\u010detnu to\u010dku Prioni (1100 mnv) i popeli se na 2100 mnv do doma gdje smo no\u0107ili. Idu\u0107i dan popeli Idu\u0107i dan popeli smo se na vrhove Scalu, Scolio i 12 najhrabrijih \u010dlanova na zahtjevni Mytikas, najvi\u0161i vrh Olimpa.<\/p>\n<p style=\"text-align: justify;\"><img loading=\"lazy\" decoding=\"async\" src=\"https:\/\/www.slavonski-planinari.hr\/arhiva\/wp-content\/uploads\/2023\/01\/nasice2-1.jpg\" width=\"700\" height=\"525\" alt=\"\" class=\"wp-image-4841 aligncenter size-full\" srcset=\"https:\/\/www.slavonski-planinari.hr\/arhiva\/wp-content\/uploads\/2023\/01\/nasice2-1.jpg 700w, https:\/\/www.slavonski-planinari.hr\/arhiva\/wp-content\/uploads\/2023\/01\/nasice2-1-480x360.jpg 480w\" sizes=\"(min-width: 0px) and (max-width: 480px) 480px, (min-width: 481px) 700px, 100vw\" \/><\/p>\n<p style=\"text-align: justify;\">Poslije toga smo se puni dojmova sretno vratili svojim domovima. Hvala svima koji su sudjelovali na izletu i \u0161to su izdr\u017eali i fizi\u010dki i psihi\u010dki jer u u nekim trenucima to nije bilo nimalo lako. Plan je bio vrlo ambiciozan \u0161to je potvrdio i na\u0161 iskusni vodi\u010d \u017divko, ali mi smo ga ostvarili. Bilo je \u010desto puta \u017eurbe kako bismo sve stigli, umora jer su ture trajale po 12 h i bile vrlo zahtjevne. Mnogim \u010dlanovima ovo su prvi vrhovi iznad 2000 metara, a kruna svega je Olimp s gotovo 3000 mnv. Nadamo se da \u0107e nastaviti i dalje pomicati granice.<\/p>\n<p style=\"text-align: justify;\">Do nekih sljede\u0107ih dru\u017eenja.<\/p>\n<p style=\"text-align: center;\"><strong>Umor prolazi, a zadovoljstvo ostaje!<\/strong><\/p>\n<p>[\/et_pb_text][\/et_pb_column][\/et_pb_row][\/et_pb_section]<\/p>\n","protected":false},"excerpt":{"rendered":"<p>Svake godine \u010dlanovi PD &#8220;Na\u0161ice&#8221; organiziraju sredi\u0161nji, odnosno godi\u0161nji izlet. Ove godine odlu\u010dili smo se za Makedoniju i Gr\u010dku. Izlet je organiziran od 19.- 29. srpnja i sudjelovalo je 16 \u010dlanova. Te\u0161ko je opisati \u0161to smo sve pro\u0161li u 11 dana. Uz jako puno planinarenja, bilo je tu kulturno- povijesnih i prirodnih ljepota ovih dviju [&hellip;]<\/p>\n","protected":false},"author":1,"featured_media":0,"comment_status":"closed","ping_status":"open","sticky":false,"template":"","format":"standard","meta":{"_et_pb_use_builder":"on","_et_pb_old_content":"","_et_gb_content_width":"1080","footnotes":""},"categories":[33],"tags":[],"class_list":["post-4838","post","type-post","status-publish","format-standard","hentry","category-33"],"_links":{"self":[{"href":"https:\/\/www.slavonski-planinari.hr\/arhiva\/wp-json\/wp\/v2\/posts\/4838","targetHints":{"allow":["GET"]}}],"collection":[{"href":"https:\/\/www.slavonski-planinari.hr\/arhiva\/wp-json\/wp\/v2\/posts"}],"about":[{"href":"https:\/\/www.slavonski-planinari.hr\/arhiva\/wp-json\/wp\/v2\/types\/post"}],"author":[{"embeddable":true,"href":"https:\/\/www.slavonski-planinari.hr\/arhiva\/wp-json\/wp\/v2\/users\/1"}],"replies":[{"embeddable":true,"href":"https:\/\/www.slavonski-planinari.hr\/arhiva\/wp-json\/wp\/v2\/comments?post=4838"}],"version-history":[{"count":0,"href":"https:\/\/www.slavonski-planinari.hr\/arhiva\/wp-json\/wp\/v2\/posts\/4838\/revisions"}],"wp:attachment":[{"href":"https:\/\/www.slavonski-planinari.hr\/arhiva\/wp-json\/wp\/v2\/media?parent=4838"}],"wp:term":[{"taxonomy":"category","embeddable":true,"href":"https:\/\/www.slavonski-planinari.hr\/arhiva\/wp-json\/wp\/v2\/categories?post=4838"},{"taxonomy":"post_tag","embeddable":true,"href":"https:\/\/www.slavonski-planinari.hr\/arhiva\/wp-json\/wp\/v2\/tags?post=4838"}],"curies":[{"name":"wp","href":"https:\/\/api.w.org\/{rel}","templated":true}]}}