{"id":4816,"date":"2019-06-29T09:26:00","date_gmt":"2019-06-29T08:26:00","guid":{"rendered":"https:\/\/www.slavonski-planinari.hr\/arhiva\/?p=4816"},"modified":"2023-01-31T09:31:16","modified_gmt":"2023-01-31T08:31:16","slug":"bugarska-opet-na-vrhu-balkana-foto","status":"publish","type":"post","link":"https:\/\/www.slavonski-planinari.hr\/arhiva\/bugarska-opet-na-vrhu-balkana-foto\/","title":{"rendered":"Bugarska &#8211; opet na vrhu Balkana [FOTO]"},"content":{"rendered":"<p>[et_pb_section fb_built=&#8221;1&#8243; theme_builder_area=&#8221;post_content&#8221; _builder_version=&#8221;4.19.5&#8243; _module_preset=&#8221;default&#8221;][et_pb_row _builder_version=&#8221;4.19.5&#8243; _module_preset=&#8221;default&#8221; theme_builder_area=&#8221;post_content&#8221;][et_pb_column _builder_version=&#8221;4.19.5&#8243; _module_preset=&#8221;default&#8221; type=&#8221;4_4&#8243; theme_builder_area=&#8221;post_content&#8221;][et_pb_text _builder_version=&#8221;4.19.5&#8243; _module_preset=&#8221;default&#8221; theme_builder_area=&#8221;post_content&#8221; hover_enabled=&#8221;0&#8243; sticky_enabled=&#8221;0&#8243;]<\/p>\n<p style=\"text-align: justify;\">20. do 25. Lipnja 2019.g. 17 beli\u0161\u0107anskih planinara je boravilo u Bugarskoj.<\/p>\n<p style=\"text-align: justify;\">Ivan Stifter licencirani planinarski vodi\u0107 je poveo grupu od 17 planinara u Bugarsku. Za tu prigodu kori\u0161ten je kombi grada Beli\u0161\u0107a i tri osobna automobila.<\/p>\n<p style=\"text-align: justify;\">Prvi dan: Putovanje je bilo dugotrajno radi gustog prometa obzirom na blagdane i trajalo je od ranih jutarnjih sati do 20 sati. Grupa je stigla i smjestila se u podru\u010dju najstarijeg i najpopularnijeg ski centra Borovec. To je prekrasno mjesto s brojnim apartmanskim i hotelskim smje\u0161tajima okru\u017eeno borovom \u0161umom.Prema planu tu \u0107e u hotelskom smje\u0161taju biti tri dana. Uslijedila je ugodna \u0161etnja u ovom idili\u010dnom okru\u017eenju punom svakojake gastro i druge ponude, odmor i no\u0107enje.<\/p>\n<p style=\"text-align: justify;\">Drugi dan: Ujutro svi kre\u0107u do stanice gondole Jastrebac i \u017ei\u010darom do visine 2369 m. \u017di\u010dara se di\u017ee iznad prekrasne borove \u0161ume i pogled je o\u010daravaju\u0107i. To je podru\u010dje planine Rila gdje se nalazi 81 tisu\u0107a hektara nacionalnog parka. Ova planina ima oko 150 ledenja\u010dkih jezera na visini od 2100 do 2500 m a dubina im dose\u017ee i do 40 m. Planina ima bogat \u0161umski i biljni pokrov, a stijene su granitne i metamorgitne, paleozoiskih \u0161kriljaca stari do 250 mil. godina. Padine planina su izvori najve\u0107ih rijeka . Planina je stani\u0161te medvjeda i drugih divljih \u017eivotinja. Cilj pohoda je najvi\u0161i vrh Musala-najvi\u0161i vrh Bugarske i Balkana 2925 m. Ovo je drugi pohod ve\u0107e grupe na\u0161ih planinara na ovu prelijepu planinu i vrh. Ve\u0107i dio grupe u\u017eiva u \u0161etnji i razgledavanju jezera, ledenjaka i okoli\u0161a, te dolazi do visine prema svojim mogu\u0107nostima, a onda se vra\u0107a prema \u017ei\u010dari koja je vidljiva sa svakog dijela staze. Manja grupa troje njih sti\u017ee na vrh. Pogled je zadivljuju\u0107i na gorsika jezera , ostale kamene vrhove, \u0161umski dio i na zelene livade. Bilo je i ki\u0161e, ali na sastanku kod \u017ei\u010dare svi su bili zadovoljni.<\/p>\n<p style=\"text-align: justify;\">Tre\u0107i dan: Ujutro vo\u017enja Borovec-Saparevo-Pani\u010di\u0161\u0107e do \u017ei\u010dare, a cilj su sedam Rilskih jezera ( Ribno, Trolist, Blizanci, Bubreg, Oko i Suza.). Opet vo\u017enja \u017ei\u010darom iznad borove \u0161ume do 2100 m. Svi polako se di\u017eu do platoa odakle se vidi 5 jezera. Pogled je prelijep. U tirkiznoj boji vode nalaze se nerastopljeni dijelovi snije\u017ene lavine u razli\u010ditim oblicima. \u010cuju se \u0161umovi slapova vode koji se slijevaju s kamenih stijena na kojima ima jo\u0161 obilje snijega. Radi termina za \u017ei\u010daru uslijedio je povratak . Na povratku nakon \u017ei\u010dare kratko zadr\u017eavanje u gradu Samokov.<\/p>\n<p style=\"text-align: justify;\">\u010cetvrti dan: Odlazak u Blagojevgrad koji \u0107e biti baza za idu\u0107a dva dana. Ovaj dan je protekao za neke u razgledavanju grada, a vodi\u010d i jo\u0161 neki iz grupe su potra\u017eili pomo\u0107 za iznenadne zdravstvene probleme jedne \u010dlanice. Tu je veliki doprinos i ovaj put dala Sne\u017eana ro\u0111aka na\u0161e Nade\u017ede koja \u017eivi u ovom gradu. Bolnica i osoblje su pru\u017eili stru\u010dnu , ali i zavidnu ljudsku podr\u0161ku \u2013\u0161to je za svaku pohvalu i zahvalnost. Planirani posjet i razgledavanje Sofije nije odra\u0111en, ali prema planinarskom kodeksu va\u017enija je bila pomo\u0107 i podr\u0161ka \u010dlanici kojoj je to bilo potrebno. Zdravstveno stanje iste se stabiliziralo i nastavljen je daljnji program.<\/p>\n<p style=\"text-align: justify;\">Peti dan: Plan je posjetiti Manastir Rila. Nalazi se na sjeverozapadnom dijelu planine Rile na 1147 m. Osnovan je u 10 stolje\u0107u, a nosi ime po slavnom bugarskm pustinjaku sv. Ivanu Rilskom. To je najva\u017eniji bugarski kulturni i povijesni, te arhitektonski spomenik. On je i najva\u017enija atrakcija u jugoisto\u010dnoj Europi. Iznena\u0111enje je bilo u programu da se posjeti spilja i grob sv. Ivana Rilskog \u0161to je i u\u010dinjeno, a poslije toga razgledano je velebno zdanje manastira. Sve ovo je bilo uz vodstvo dobrog duha Sne\u017eane. Na kraju je ki\u0161a dala svoj doprinos, ali ono najbolje je odra\u0111eno. Zadovoljni i zadivljeni vil\u0111enim vratili su se u Blagojevgrad u hotel.<\/p>\n<p style=\"text-align: justify;\">\u0160esti dan: Nakon doru\u010dka krenulo se na dugi put ku\u0107ama. Svi su se zahvalili Sne\u017eani, a na kraju puta vodi\u010du i voza\u010dima.<\/p>\n<p style=\"text-align: justify;\">Zabilje\u017een je jo\u0161 jedan izlet za pam\u0107enje.<\/p>\n<p style=\"text-align: justify;\">\n<p style=\"text-align: right;\">Izvje\u0161\u0107e s izleta napisala: Marija Stifter<br \/>Fotografije: Ivan Stifter, Ljiljana Vrbe\u0161i\u0107 i Katica \u010corba<\/p>\n<p>[\/et_pb_text][et_pb_gallery _builder_version=&#8221;4.19.5&#8243; _module_preset=&#8221;default&#8221; theme_builder_area=&#8221;post_content&#8221; gallery_ids=&#8221;4819,4820,4821,4822,4823,4824,4825,4826,4827,4828,4829,4830,4831,4832,4833,4834,4835,4836&#8243; posts_number=&#8221;18&#8243; show_title_and_caption=&#8221;off&#8221; hover_enabled=&#8221;0&#8243; sticky_enabled=&#8221;0&#8243;][\/et_pb_gallery][\/et_pb_column][\/et_pb_row][\/et_pb_section]<\/p>\n","protected":false},"excerpt":{"rendered":"<p>20. do 25. Lipnja 2019.g. 17 beli\u0161\u0107anskih planinara je boravilo u Bugarskoj. Ivan Stifter licencirani planinarski vodi\u0107 je poveo grupu od 17 planinara u Bugarsku. Za tu prigodu kori\u0161ten je kombi grada Beli\u0161\u0107a i tri osobna automobila. Prvi dan: Putovanje je bilo dugotrajno radi gustog prometa obzirom na blagdane i trajalo je od ranih jutarnjih [&hellip;]<\/p>\n","protected":false},"author":1,"featured_media":0,"comment_status":"closed","ping_status":"open","sticky":false,"template":"","format":"standard","meta":{"_et_pb_use_builder":"on","_et_pb_old_content":"","_et_gb_content_width":"1080","footnotes":""},"categories":[33],"tags":[],"class_list":["post-4816","post","type-post","status-publish","format-standard","hentry","category-33"],"_links":{"self":[{"href":"https:\/\/www.slavonski-planinari.hr\/arhiva\/wp-json\/wp\/v2\/posts\/4816","targetHints":{"allow":["GET"]}}],"collection":[{"href":"https:\/\/www.slavonski-planinari.hr\/arhiva\/wp-json\/wp\/v2\/posts"}],"about":[{"href":"https:\/\/www.slavonski-planinari.hr\/arhiva\/wp-json\/wp\/v2\/types\/post"}],"author":[{"embeddable":true,"href":"https:\/\/www.slavonski-planinari.hr\/arhiva\/wp-json\/wp\/v2\/users\/1"}],"replies":[{"embeddable":true,"href":"https:\/\/www.slavonski-planinari.hr\/arhiva\/wp-json\/wp\/v2\/comments?post=4816"}],"version-history":[{"count":0,"href":"https:\/\/www.slavonski-planinari.hr\/arhiva\/wp-json\/wp\/v2\/posts\/4816\/revisions"}],"wp:attachment":[{"href":"https:\/\/www.slavonski-planinari.hr\/arhiva\/wp-json\/wp\/v2\/media?parent=4816"}],"wp:term":[{"taxonomy":"category","embeddable":true,"href":"https:\/\/www.slavonski-planinari.hr\/arhiva\/wp-json\/wp\/v2\/categories?post=4816"},{"taxonomy":"post_tag","embeddable":true,"href":"https:\/\/www.slavonski-planinari.hr\/arhiva\/wp-json\/wp\/v2\/tags?post=4816"}],"curies":[{"name":"wp","href":"https:\/\/api.w.org\/{rel}","templated":true}]}}