{"id":4807,"date":"2019-06-19T09:22:00","date_gmt":"2019-06-19T08:22:00","guid":{"rendered":"https:\/\/www.slavonski-planinari.hr\/arhiva\/?p=4807"},"modified":"2023-01-31T09:24:12","modified_gmt":"2023-01-31T08:24:12","slug":"4-retro-jankovac","status":"publish","type":"post","link":"https:\/\/www.slavonski-planinari.hr\/arhiva\/4-retro-jankovac\/","title":{"rendered":"4. Retro Jankovac"},"content":{"rendered":"<p>[et_pb_section fb_built=&#8221;1&#8243; theme_builder_area=&#8221;post_content&#8221; _builder_version=&#8221;4.19.5&#8243; _module_preset=&#8221;default&#8221;][et_pb_row _builder_version=&#8221;4.19.5&#8243; _module_preset=&#8221;default&#8221; theme_builder_area=&#8221;post_content&#8221;][et_pb_column _builder_version=&#8221;4.19.5&#8243; _module_preset=&#8221;default&#8221; type=&#8221;4_4&#8243; theme_builder_area=&#8221;post_content&#8221;][et_pb_text _builder_version=&#8221;4.19.5&#8243; _module_preset=&#8221;default&#8221; theme_builder_area=&#8221;post_content&#8221; hover_enabled=&#8221;0&#8243; sticky_enabled=&#8221;0&#8243;]<\/p>\n<p style=\"text-align: justify;\"><img loading=\"lazy\" decoding=\"async\" src=\"https:\/\/www.slavonski-planinari.hr\/arhiva\/wp-content\/uploads\/2023\/01\/retro-jankovac1.png\" width=\"170\" height=\"117\" alt=\"\" class=\"wp-image-4809 alignleft size-full\" \/>HPD \u201eBR\u0160LJAN &#8211; JANKOVAC\u201c OSIJEK Vas poziva na izlet 4. Retro Jankovac u nedjelju 14. srpnja 2019.<\/p>\n<p style=\"text-align: justify;\">Programi na Jankovcu po\u010dinju u 10 sati.<\/p>\n<p style=\"text-align: justify;\">U \u017eelji da se podsjetimo kako su Jankovac do\u017eivjeli prvi posjetitelji Jankovca, koji su imali hrabrosti i odlu\u010dnosti osnovati prvo planinarsko dru\u0161tvo u Osijeku i Slavoniji, ve\u0107 \u010detvrtu godinu za redom organiziramo izlet \u201eRetro Jankovac\u201c.<\/p>\n<p style=\"text-align: justify;\">Jankovac je lijep tijekom cijele godine, ali smo odbrali ovaj termin je je blizu povijesnim doga\u0111ajima koji su s Jankovcem povezani.<\/p>\n<p style=\"text-align: justify;\">31. srpnja 1861. godine umro je Josip pl Jankovi\u0107 od Bribira i Vo\u0107ina<\/p>\n<p style=\"text-align: justify;\">30. srpnja 1862. godine posmrtni ostaci pj Josipa preneseni su u trajno prebivali\u0161te &#8211; grobnicu na Jankovcu<\/p>\n<p style=\"text-align: justify;\">Nije obvezno, ali vas pozivamo da (date svoj doprinos) prilikom boravka Jankovcu odjenete koriste\u0107i \u0161krinje svojih baka i djedova i da toga dana postignemo na Jankovcu atmosfera koju su osjetili Dr. Vatroslav Schwarz, ravnatelj osje\u010dke zakladne bolnice i njegovi prijatelji, osniva\u010di \u201eBr\u0161ljana\u201c.<\/p>\n<p style=\"text-align: justify;\">Prema starim Jankova\u010dkim receptima za zajedni\u010dki ru\u010dak se priprema \u201eRETRO JANK ROST\u201c.<\/p>\n<p style=\"text-align: justify;\"><img loading=\"lazy\" decoding=\"async\" src=\"https:\/\/www.slavonski-planinari.hr\/arhiva\/wp-content\/uploads\/2023\/01\/retro-jankovac2.png\" width=\"601\" height=\"391\" alt=\"\" class=\"wp-image-4810 aligncenter size-full\" srcset=\"https:\/\/www.slavonski-planinari.hr\/arhiva\/wp-content\/uploads\/2023\/01\/retro-jankovac2.png 381w, https:\/\/www.slavonski-planinari.hr\/arhiva\/wp-content\/uploads\/2023\/01\/retro-jankovac2-300x195.png 300w\" sizes=\"(max-width: 601px) 100vw, 601px\" \/><\/p>\n<p style=\"text-align: justify;\">Jankovac 1930. godine<\/p>\n<p style=\"text-align: justify;\">Na Jankovac mo\u017eete do\u0107i posebnim prijevozom, BUS-om koji polazi u 7,00 h od Karake, a mo\u017eete organizirati svoje prijevoze ili do\u0107i osobnim automobilima.<\/p>\n<p style=\"text-align: justify;\">Na Jankovcu \u0107e pl Josip biti na \u010delu povjerenstva koje \u0107e izbrati naj:<\/p>\n<p style=\"text-align: justify;\">\u2022 Najljep\u0161i \u017eenski \u0161e\u0161iri\u0107,<br \/>\u2022 Naj planinarski mu\u0161ki \u0161e\u0161ir,<br \/>\u2022 Najljep\u0161i suncobran<br \/>\u2022 Najljep\u0161i ukupni styling<br \/>\u2022 Najoriginalniji planinarski \u0161tap<\/p>\n<p style=\"text-align: justify;\">Ostalo su iznena\u0111enja.<\/p>\n<p style=\"text-align: justify;\">U ime pl Josipa na 4. Retro Jankovac vas poziva Miro Mutter, predsjednik HPD\u201cBr\u0161ljan &#8211; Jankovac\u201c, a ujedno vas upoznaje da je vo\u0111a puta za 4. Retro Jankovac \u017deljka Pavlic 099 217 52 48, i moli da uplatu za izlet i za sve informacije se obratite vo\u0111i puta.<\/p>\n<p>[\/et_pb_text][\/et_pb_column][\/et_pb_row][\/et_pb_section]<\/p>\n","protected":false},"excerpt":{"rendered":"<p>HPD \u201eBR\u0160LJAN &#8211; JANKOVAC\u201c OSIJEK Vas poziva na izlet 4. Retro Jankovac u nedjelju 14. srpnja 2019. Programi na Jankovcu po\u010dinju u 10 sati. U \u017eelji da se podsjetimo kako su Jankovac do\u017eivjeli prvi posjetitelji Jankovca, koji su imali hrabrosti i odlu\u010dnosti osnovati prvo planinarsko dru\u0161tvo u Osijeku i Slavoniji, ve\u0107 \u010detvrtu godinu za redom [&hellip;]<\/p>\n","protected":false},"author":1,"featured_media":0,"comment_status":"closed","ping_status":"open","sticky":false,"template":"","format":"standard","meta":{"_et_pb_use_builder":"on","_et_pb_old_content":"","_et_gb_content_width":"1080","footnotes":""},"categories":[33],"tags":[],"class_list":["post-4807","post","type-post","status-publish","format-standard","hentry","category-33"],"_links":{"self":[{"href":"https:\/\/www.slavonski-planinari.hr\/arhiva\/wp-json\/wp\/v2\/posts\/4807","targetHints":{"allow":["GET"]}}],"collection":[{"href":"https:\/\/www.slavonski-planinari.hr\/arhiva\/wp-json\/wp\/v2\/posts"}],"about":[{"href":"https:\/\/www.slavonski-planinari.hr\/arhiva\/wp-json\/wp\/v2\/types\/post"}],"author":[{"embeddable":true,"href":"https:\/\/www.slavonski-planinari.hr\/arhiva\/wp-json\/wp\/v2\/users\/1"}],"replies":[{"embeddable":true,"href":"https:\/\/www.slavonski-planinari.hr\/arhiva\/wp-json\/wp\/v2\/comments?post=4807"}],"version-history":[{"count":0,"href":"https:\/\/www.slavonski-planinari.hr\/arhiva\/wp-json\/wp\/v2\/posts\/4807\/revisions"}],"wp:attachment":[{"href":"https:\/\/www.slavonski-planinari.hr\/arhiva\/wp-json\/wp\/v2\/media?parent=4807"}],"wp:term":[{"taxonomy":"category","embeddable":true,"href":"https:\/\/www.slavonski-planinari.hr\/arhiva\/wp-json\/wp\/v2\/categories?post=4807"},{"taxonomy":"post_tag","embeddable":true,"href":"https:\/\/www.slavonski-planinari.hr\/arhiva\/wp-json\/wp\/v2\/tags?post=4807"}],"curies":[{"name":"wp","href":"https:\/\/api.w.org\/{rel}","templated":true}]}}