{"id":4778,"date":"2019-06-05T09:11:00","date_gmt":"2019-06-05T08:11:00","guid":{"rendered":"https:\/\/www.slavonski-planinari.hr\/arhiva\/?p=4778"},"modified":"2023-01-31T09:12:20","modified_gmt":"2023-01-31T08:12:20","slug":"poziv-za-26-antunovski-piknik","status":"publish","type":"post","link":"https:\/\/www.slavonski-planinari.hr\/arhiva\/poziv-za-26-antunovski-piknik\/","title":{"rendered":"Poziv za 26. Antunovski piknik"},"content":{"rendered":"<p>[et_pb_section fb_built=&#8221;1&#8243; theme_builder_area=&#8221;post_content&#8221; _builder_version=&#8221;4.19.5&#8243; _module_preset=&#8221;default&#8221;][et_pb_row _builder_version=&#8221;4.19.5&#8243; _module_preset=&#8221;default&#8221; theme_builder_area=&#8221;post_content&#8221;][et_pb_column _builder_version=&#8221;4.19.5&#8243; _module_preset=&#8221;default&#8221; type=&#8221;4_4&#8243; theme_builder_area=&#8221;post_content&#8221;][et_pb_text _builder_version=&#8221;4.19.5&#8243; _module_preset=&#8221;default&#8221; theme_builder_area=&#8221;post_content&#8221; hover_enabled=&#8221;0&#8243; sticky_enabled=&#8221;0&#8243;]<\/p>\n<p style=\"text-align: justify;\">PD Krndija Na\u0161ice poziva na tradicionalnu manifestaciju, 26. Antunovski piknik koji se odr\u017eava 16. lipnja u nedjelju povodom Dana grada Na\u0161ica.<\/p>\n<p style=\"text-align: justify;\">Ove godine umjesto Paulinova po prvi puta kod objekta kojeg adaptiraju za novu pl. ku\u0107u &#8220;Krndija&#8221; u Lond\u017eici.<\/p>\n<p style=\"text-align: justify;\">Okupljanje je do 8,30 sati u Lond\u017eici, a polazak na dvije staze u 9,00 h. Svim gostima nakon hoda\u010dkih tura bit \u0107e uru\u010dene zahvalnice.<\/p>\n<p style=\"text-align: justify;\">Nakon obilaska staza, uprili\u010dit \u0107emo dru\u017eenje uz ro\u0161tilj, glazbu i pi\u0107e po promotivnim cijenama.<\/p>\n<p style=\"text-align: justify;\">\u017deljno Vas i\u0161\u010dekujemo na na\u0161oj lijepoj Krndiji uz srda\u010dan planinarski pozdrav.<\/p>\n<p style=\"text-align: justify;\"><img loading=\"lazy\" decoding=\"async\" src=\"https:\/\/www.slavonski-planinari.hr\/arhiva\/wp-content\/uploads\/2023\/01\/antunovski-v.jpg\" width=\"678\" height=\"960\" alt=\"\" class=\"wp-image-4780 aligncenter size-full\" srcset=\"https:\/\/www.slavonski-planinari.hr\/arhiva\/wp-content\/uploads\/2023\/01\/antunovski-v.jpg 678w, https:\/\/www.slavonski-planinari.hr\/arhiva\/wp-content\/uploads\/2023\/01\/antunovski-v-480x680.jpg 480w\" sizes=\"(min-width: 0px) and (max-width: 480px) 480px, (min-width: 481px) 678px, 100vw\" \/><\/p>\n<p>[\/et_pb_text][\/et_pb_column][\/et_pb_row][\/et_pb_section]<\/p>\n","protected":false},"excerpt":{"rendered":"<p>PD Krndija Na\u0161ice poziva na tradicionalnu manifestaciju, 26. Antunovski piknik koji se odr\u017eava 16. lipnja u nedjelju povodom Dana grada Na\u0161ica. Ove godine umjesto Paulinova po prvi puta kod objekta kojeg adaptiraju za novu pl. ku\u0107u &#8220;Krndija&#8221; u Lond\u017eici. Okupljanje je do 8,30 sati u Lond\u017eici, a polazak na dvije staze u 9,00 h. Svim [&hellip;]<\/p>\n","protected":false},"author":1,"featured_media":0,"comment_status":"closed","ping_status":"open","sticky":false,"template":"","format":"standard","meta":{"_et_pb_use_builder":"on","_et_pb_old_content":"","_et_gb_content_width":"1080","footnotes":""},"categories":[33],"tags":[],"class_list":["post-4778","post","type-post","status-publish","format-standard","hentry","category-33"],"_links":{"self":[{"href":"https:\/\/www.slavonski-planinari.hr\/arhiva\/wp-json\/wp\/v2\/posts\/4778","targetHints":{"allow":["GET"]}}],"collection":[{"href":"https:\/\/www.slavonski-planinari.hr\/arhiva\/wp-json\/wp\/v2\/posts"}],"about":[{"href":"https:\/\/www.slavonski-planinari.hr\/arhiva\/wp-json\/wp\/v2\/types\/post"}],"author":[{"embeddable":true,"href":"https:\/\/www.slavonski-planinari.hr\/arhiva\/wp-json\/wp\/v2\/users\/1"}],"replies":[{"embeddable":true,"href":"https:\/\/www.slavonski-planinari.hr\/arhiva\/wp-json\/wp\/v2\/comments?post=4778"}],"version-history":[{"count":0,"href":"https:\/\/www.slavonski-planinari.hr\/arhiva\/wp-json\/wp\/v2\/posts\/4778\/revisions"}],"wp:attachment":[{"href":"https:\/\/www.slavonski-planinari.hr\/arhiva\/wp-json\/wp\/v2\/media?parent=4778"}],"wp:term":[{"taxonomy":"category","embeddable":true,"href":"https:\/\/www.slavonski-planinari.hr\/arhiva\/wp-json\/wp\/v2\/categories?post=4778"},{"taxonomy":"post_tag","embeddable":true,"href":"https:\/\/www.slavonski-planinari.hr\/arhiva\/wp-json\/wp\/v2\/tags?post=4778"}],"curies":[{"name":"wp","href":"https:\/\/api.w.org\/{rel}","templated":true}]}}