{"id":4773,"date":"2019-06-05T09:08:00","date_gmt":"2019-06-05T08:08:00","guid":{"rendered":"https:\/\/www.slavonski-planinari.hr\/arhiva\/?p=4773"},"modified":"2023-01-31T09:10:48","modified_gmt":"2023-01-31T08:10:48","slug":"susret-planinara-pjesnika-i-slikara-2019","status":"publish","type":"post","link":"https:\/\/www.slavonski-planinari.hr\/arhiva\/susret-planinara-pjesnika-i-slikara-2019\/","title":{"rendered":"Susret planinara pjesnika i slikara 2019."},"content":{"rendered":"<p>[et_pb_section fb_built=&#8221;1&#8243; theme_builder_area=&#8221;post_content&#8221; _builder_version=&#8221;4.19.5&#8243; _module_preset=&#8221;default&#8221;][et_pb_row _builder_version=&#8221;4.19.5&#8243; _module_preset=&#8221;default&#8221; theme_builder_area=&#8221;post_content&#8221;][et_pb_column _builder_version=&#8221;4.19.5&#8243; _module_preset=&#8221;default&#8221; type=&#8221;4_4&#8243; theme_builder_area=&#8221;post_content&#8221;][et_pb_text _builder_version=&#8221;4.19.5&#8243; _module_preset=&#8221;default&#8221; theme_builder_area=&#8221;post_content&#8221; hover_enabled=&#8221;0&#8243; sticky_enabled=&#8221;0&#8243;]<\/p>\n<p style=\"text-align: justify;\"><a href=\"https:\/\/www.slavonski-planinari.hr\/arhiva\/wp-content\/uploads\/2023\/01\/sovsko2019.jpg\"><img loading=\"lazy\" decoding=\"async\" src=\"https:\/\/www.slavonski-planinari.hr\/arhiva\/wp-content\/uploads\/2023\/01\/sovsko2019.jpg\" width=\"260\" height=\"195\" alt=\"\" class=\"wp-image-4776 alignleft size-full\" \/><\/a>Tradicionalna kulturno-planinarska manifestacija na Sovskom jezeru okupila je oko 200 planinara iz 14 planinarskih dru\u0161tava (HPD \u201cCibalia\u201d Vinkovci, PD \u201cDilj gora\u201d Sl. Brod, HPD \u201cSunovrat\u201d \u0110ur\u0111enovac, HPD \u201cBeli\u0161\u0107e\u201d Beli\u0161\u0107e, HPD \u201cSokol\u201d Feri\u010danci, PD \u201cKrndija\u201d Na\u0161ice, PD \u201c\u0110akovo\u201d \u0110akovo,HPD \u201cBr\u0161ljan \u2013 Jankovac\u201d Osijek, HPD \u201eVidim\u201c Kutjevo, HPD \u201ePapuk\u201c Virovitica, HPD \u201eLiska\u201c Ilok, HPD \u201eSokolovac\u201c Po\u017eega, HPD \u201eHZZO\u201c Po\u017eega, HPD \u201eTikvica\u201c \u017dupanja), \u010dlanove Udruge zavi\u010dajnih pisaca i slikara Po\u017ee\u0161ko-slavonske \u017eupanije \u201eMatko Pei\u0107\u201c, te nekoliko slikara.<\/p>\n<p style=\"text-align: justify;\">Polazak na izlet je bio sa imanja OPG Emi\u0107 u Ru\u0161evu, gdje su nas ljubazni doma\u0107ini do\u010dekali i po\u010dastili u prekrasnom prirodnom okru\u017eenju, u kojem se nalazi etno ku\u0107a, sjenica i ribnjaci. Vlasnik OPG-a, \u017deljko Emi\u0107, u pro\u0161li \u010detvrtak sudjelovao je u markiranju staze, a i danas kao pomo\u0107ni vodi\u010d.<\/p>\n<p style=\"text-align: justify;\">Staza nije bila zahtjevna, a prolazili smo kroz livade, proplanke, uske \u0161umske staze i \u0161umske putove uz povremeno osvje\u017eavanje divljim tre\u0161njama, i divljim jagodama, s tim da smo ove godine malo promijenili rutu i na Sovsko jezero do\u0161li sa zapadne strane jezera.<\/p>\n<p style=\"text-align: justify;\">Na po\u010detku programa sve prisutne su pozdravili Predrag Livak, predsjednik HPD-a \u201eSokolovac\u201c Po\u017eega, Zdenko Poljakovi\u0107, predsjednik Udruge za za\u0161titu i o\u010duvanje Sovskog jezera, te Mario Ripli, \u010dlan Upravnog odbora udruge \u201eSlavonski planinari\u201c, nakon \u010dega je vo\u0111enje programa preuzela Snje\u017eana Poljak, voditeljica programa.<\/p>\n<p style=\"text-align: justify;\"><img loading=\"lazy\" decoding=\"async\" src=\"https:\/\/www.slavonski-planinari.hr\/arhiva\/wp-content\/uploads\/2023\/01\/sovsko2-1.jpg\" width=\"600\" height=\"400\" alt=\"\" class=\"wp-image-4775 aligncenter size-full\" srcset=\"https:\/\/www.slavonski-planinari.hr\/arhiva\/wp-content\/uploads\/2023\/01\/sovsko2-1.jpg 600w, https:\/\/www.slavonski-planinari.hr\/arhiva\/wp-content\/uploads\/2023\/01\/sovsko2-1-480x320.jpg 480w\" sizes=\"(min-width: 0px) and (max-width: 480px) 480px, (min-width: 481px) 600px, 100vw\" \/>\u00a0<\/p>\n<p style=\"text-align: justify;\">Uz desetak recitatora i pjesnika iz navedenih dru\u0161tava i iz Udruge zavi\u010dajnih pjesnika i slikara Po\u017ee\u0161ko-slavonske \u017eupanije \u201cMatko Pei\u0107\u201d, pjesme o Slavoniji i Kutjevo prisutnima je otpjevao sveprisutni izvjestitelj i ljubitelj planinarstva i pjesme; Mirko Cenbauer, a niti ove godine nije izostala haiku poezija.<\/p>\n<p style=\"text-align: justify;\">Prema ocjeni Prosudbene komisije na \u010delu s Mirjanom Baji\u0107, uz \u010dlanice Zdravku Pand\u017ei\u0107 i Rajku Mihoci, najboljom je progla\u0161ena pjesma \u201cO narode \u0161utljivi\u201d pjesnikinje Kornelije Fe\u0161i\u0161 iz Beli\u0161\u0107a, koja je za nagradu dobila majicu HPD-a \u201eSokolovac\u201c Po\u017eega i knjigu \u201eLeptiri po\u017ee\u0161kog kraja\u201c, koju je izdala Javna ustanova za upravljanje za\u0161ti\u0107enim podru\u010djem Po\u017ee\u0161ko-slavonske \u017eupanije, koja svake godine za sve posjetitelje pripremi i zanimljive plakate slavonske flore i faune, te za\u0161ti\u0107enih podru\u010dja.<\/p>\n<p style=\"text-align: right;\">Izvor: hpd-sokolovac.hr<\/p>\n<p>[\/et_pb_text][\/et_pb_column][\/et_pb_row][\/et_pb_section]<\/p>\n","protected":false},"excerpt":{"rendered":"<p>Tradicionalna kulturno-planinarska manifestacija na Sovskom jezeru okupila je oko 200 planinara iz 14 planinarskih dru\u0161tava (HPD \u201cCibalia\u201d Vinkovci, PD \u201cDilj gora\u201d Sl. Brod, HPD \u201cSunovrat\u201d \u0110ur\u0111enovac, HPD \u201cBeli\u0161\u0107e\u201d Beli\u0161\u0107e, HPD \u201cSokol\u201d Feri\u010danci, PD \u201cKrndija\u201d Na\u0161ice, PD \u201c\u0110akovo\u201d \u0110akovo,HPD \u201cBr\u0161ljan \u2013 Jankovac\u201d Osijek, HPD \u201eVidim\u201c Kutjevo, HPD \u201ePapuk\u201c Virovitica, HPD \u201eLiska\u201c Ilok, HPD \u201eSokolovac\u201c Po\u017eega, HPD [&hellip;]<\/p>\n","protected":false},"author":1,"featured_media":0,"comment_status":"closed","ping_status":"open","sticky":false,"template":"","format":"standard","meta":{"_et_pb_use_builder":"on","_et_pb_old_content":"","_et_gb_content_width":"1080","footnotes":""},"categories":[33],"tags":[],"class_list":["post-4773","post","type-post","status-publish","format-standard","hentry","category-33"],"_links":{"self":[{"href":"https:\/\/www.slavonski-planinari.hr\/arhiva\/wp-json\/wp\/v2\/posts\/4773","targetHints":{"allow":["GET"]}}],"collection":[{"href":"https:\/\/www.slavonski-planinari.hr\/arhiva\/wp-json\/wp\/v2\/posts"}],"about":[{"href":"https:\/\/www.slavonski-planinari.hr\/arhiva\/wp-json\/wp\/v2\/types\/post"}],"author":[{"embeddable":true,"href":"https:\/\/www.slavonski-planinari.hr\/arhiva\/wp-json\/wp\/v2\/users\/1"}],"replies":[{"embeddable":true,"href":"https:\/\/www.slavonski-planinari.hr\/arhiva\/wp-json\/wp\/v2\/comments?post=4773"}],"version-history":[{"count":0,"href":"https:\/\/www.slavonski-planinari.hr\/arhiva\/wp-json\/wp\/v2\/posts\/4773\/revisions"}],"wp:attachment":[{"href":"https:\/\/www.slavonski-planinari.hr\/arhiva\/wp-json\/wp\/v2\/media?parent=4773"}],"wp:term":[{"taxonomy":"category","embeddable":true,"href":"https:\/\/www.slavonski-planinari.hr\/arhiva\/wp-json\/wp\/v2\/categories?post=4773"},{"taxonomy":"post_tag","embeddable":true,"href":"https:\/\/www.slavonski-planinari.hr\/arhiva\/wp-json\/wp\/v2\/tags?post=4773"}],"curies":[{"name":"wp","href":"https:\/\/api.w.org\/{rel}","templated":true}]}}