{"id":4692,"date":"2019-04-25T11:41:00","date_gmt":"2019-04-25T10:41:00","guid":{"rendered":"https:\/\/www.slavonski-planinari.hr\/arhiva\/?p=4692"},"modified":"2023-01-30T11:45:08","modified_gmt":"2023-01-30T10:45:08","slug":"pohod-do-slivinog-mosta","status":"publish","type":"post","link":"https:\/\/www.slavonski-planinari.hr\/arhiva\/pohod-do-slivinog-mosta\/","title":{"rendered":"Pohod do Slivinog mosta"},"content":{"rendered":"<p>[et_pb_section fb_built=&#8221;1&#8243; theme_builder_area=&#8221;post_content&#8221; _builder_version=&#8221;4.19.5&#8243; _module_preset=&#8221;default&#8221; custom_padding=&#8221;||235px|||&#8221;][et_pb_row _builder_version=&#8221;4.19.5&#8243; _module_preset=&#8221;default&#8221; theme_builder_area=&#8221;post_content&#8221;][et_pb_column _builder_version=&#8221;4.19.5&#8243; _module_preset=&#8221;default&#8221; type=&#8221;4_4&#8243; theme_builder_area=&#8221;post_content&#8221;][et_pb_text _builder_version=&#8221;4.19.5&#8243; _module_preset=&#8221;default&#8221; theme_builder_area=&#8221;post_content&#8221; hover_enabled=&#8221;0&#8243; sticky_enabled=&#8221;0&#8243;]<\/p>\n<div class=\"itemIntroText\">\n<p><img loading=\"lazy\" decoding=\"async\" src=\"https:\/\/www.slavonski-planinari.hr\/arhiva\/wp-content\/uploads\/2023\/01\/sliva-pohod.jpg\" width=\"170\" height=\"113\" alt=\"\" class=\"wp-image-4694 alignleft size-full\" \/>Planinarsko dru\u0161tvo Petrov vrh poziva vas na memorijalni Pohod do Slivinog mosta, koji \u0107e se odr\u017eati u nedjelju 5. svibnja 2019.<\/p>\n<p>&nbsp;<\/p>\n<p>&nbsp;<\/p>\n<p>&nbsp;<\/p>\n<\/div>\n<div class=\"itemFullText\">\n<p>Program pohoda:<\/p>\n<p>&#8211; do 9:30 okupljanje planinara kod doma na Petrovom vrhu<br \/>&#8211; 9:30 pozdravna rije\u010d doma\u0107ina i prigodno sje\u0107anje na Slivu, dodjela priznanja udruge Slavonski planinari za \u017eivotno djelo &#8220;\u0110uro Pilar&#8221; Slivinoj obitelji<br \/>&#8211; 10:00 polazak na pje\u0161a\u010denje<\/p>\n<p>Hodat \u0107e se dvije staze:<br \/>1. Plava &#8211; trajanje oko 3 sata<br \/>2. Crvena &#8211; trajanje oko 5 sati<\/p>\n<p>Nakon povratka predvi\u0111en je planinarski ru\u010dak a u ponudi \u0107e biti grah i janjetina po prihvatljivim cijenama.<\/p>\n<p>\u010cekamo vas na Petrovom vrhu!<\/p>\n<\/div>\n<p>[\/et_pb_text][\/et_pb_column][\/et_pb_row][\/et_pb_section]<\/p>\n","protected":false},"excerpt":{"rendered":"<p>Planinarsko dru\u0161tvo Petrov vrh poziva vas na memorijalni Pohod do Slivinog mosta, koji \u0107e se odr\u017eati u nedjelju 5. svibnja 2019. &nbsp; &nbsp; &nbsp; Program pohoda: &#8211; do 9:30 okupljanje planinara kod doma na Petrovom vrhu- 9:30 pozdravna rije\u010d doma\u0107ina i prigodno sje\u0107anje na Slivu, dodjela priznanja udruge Slavonski planinari za \u017eivotno djelo &#8220;\u0110uro Pilar&#8221; [&hellip;]<\/p>\n","protected":false},"author":1,"featured_media":0,"comment_status":"closed","ping_status":"open","sticky":false,"template":"","format":"standard","meta":{"_et_pb_use_builder":"on","_et_pb_old_content":"","_et_gb_content_width":"1080","footnotes":""},"categories":[33],"tags":[],"class_list":["post-4692","post","type-post","status-publish","format-standard","hentry","category-33"],"_links":{"self":[{"href":"https:\/\/www.slavonski-planinari.hr\/arhiva\/wp-json\/wp\/v2\/posts\/4692","targetHints":{"allow":["GET"]}}],"collection":[{"href":"https:\/\/www.slavonski-planinari.hr\/arhiva\/wp-json\/wp\/v2\/posts"}],"about":[{"href":"https:\/\/www.slavonski-planinari.hr\/arhiva\/wp-json\/wp\/v2\/types\/post"}],"author":[{"embeddable":true,"href":"https:\/\/www.slavonski-planinari.hr\/arhiva\/wp-json\/wp\/v2\/users\/1"}],"replies":[{"embeddable":true,"href":"https:\/\/www.slavonski-planinari.hr\/arhiva\/wp-json\/wp\/v2\/comments?post=4692"}],"version-history":[{"count":0,"href":"https:\/\/www.slavonski-planinari.hr\/arhiva\/wp-json\/wp\/v2\/posts\/4692\/revisions"}],"wp:attachment":[{"href":"https:\/\/www.slavonski-planinari.hr\/arhiva\/wp-json\/wp\/v2\/media?parent=4692"}],"wp:term":[{"taxonomy":"category","embeddable":true,"href":"https:\/\/www.slavonski-planinari.hr\/arhiva\/wp-json\/wp\/v2\/categories?post=4692"},{"taxonomy":"post_tag","embeddable":true,"href":"https:\/\/www.slavonski-planinari.hr\/arhiva\/wp-json\/wp\/v2\/tags?post=4692"}],"curies":[{"name":"wp","href":"https:\/\/api.w.org\/{rel}","templated":true}]}}