{"id":4679,"date":"2019-04-13T11:23:00","date_gmt":"2019-04-13T10:23:00","guid":{"rendered":"https:\/\/www.slavonski-planinari.hr\/arhiva\/?p=4679"},"modified":"2023-01-30T11:26:02","modified_gmt":"2023-01-30T10:26:02","slug":"poziv-na-20-podunavski-pjesacki-put","status":"publish","type":"post","link":"https:\/\/www.slavonski-planinari.hr\/arhiva\/poziv-na-20-podunavski-pjesacki-put\/","title":{"rendered":"Poziv na 20. Podunavski pje\u0161a\u010dki put"},"content":{"rendered":"<p>[et_pb_section fb_built=&#8221;1&#8243; _builder_version=&#8221;4.19.5&#8243; _module_preset=&#8221;default&#8221; global_colors_info=&#8221;{}&#8221;][et_pb_row _builder_version=&#8221;4.19.5&#8243; _module_preset=&#8221;default&#8221; global_colors_info=&#8221;{}&#8221;][et_pb_column type=&#8221;4_4&#8243; _builder_version=&#8221;4.19.5&#8243; _module_preset=&#8221;default&#8221; global_colors_info=&#8221;{}&#8221;][et_pb_text _builder_version=&#8221;4.19.5&#8243; _module_preset=&#8221;default&#8221; hover_enabled=&#8221;0&#8243; global_colors_info=&#8221;{}&#8221; sticky_enabled=&#8221;0&#8243;]<\/p>\n<div class=\"itemIntroText\">\n<p style=\"text-align: justify;\"><img loading=\"lazy\" decoding=\"async\" src=\"https:\/\/www.slavonski-planinari.hr\/arhiva\/wp-content\/uploads\/2023\/01\/20pppm.jpg\" width=\"170\" height=\"170\" alt=\"\" class=\"wp-image-4681 alignleft size-full\" srcset=\"https:\/\/www.slavonski-planinari.hr\/arhiva\/wp-content\/uploads\/2023\/01\/20pppm.jpg 170w, https:\/\/www.slavonski-planinari.hr\/arhiva\/wp-content\/uploads\/2023\/01\/20pppm-150x150.jpg 150w\" sizes=\"(max-width: 170px) 100vw, 170px\" \/>Planinari \u201eZanatlije\u201c pozivaju vas na jubilarni 20. \u201ePodunavski pje\u0161a\u010dki put\u201c od Aljma\u0161a do Erduta koji \u0107e se odr\u017eati 28. travnja 2019.<\/p>\n<p style=\"text-align: justify;\">Nakon mirne reintegracije zatekli smo Podunavlje kao posve opusto\u0161en krajolik.<\/p>\n<p style=\"text-align: justify;\">Danas je Hrvatska ponovo podunavska zemlja koja se di\u010di plodnim vinogradima i vo\u0107njacima, a silina Dunava nas poti\u010de da slavimo ljepotu planeta Zemlje i da aktivno sudjelujemo u njezinom o\u010duvanju.<\/p>\n<\/div>\n<div class=\"itemFullText\">\n<p style=\"text-align: justify;\">Do\u0111ite i podijelite to zadovoljstvo s nama.<\/p>\n<p style=\"text-align: justify;\"><strong>Program puta:<\/strong><\/p>\n<p style=\"text-align: justify;\"><strong>Aljma\u0161<\/strong>. Od 8,30 do 9 sati okupljanje u sredi\u0161tu sela. Jutarnja kava u okolnim restoranima. Uspon na Kalvariju i u\u017eivanje u dunavskoj panorami. Obilazak novoure\u0111ene obale. Ponuda suvenira. (Ove godine, na\u017ealost, nije mogu\u0107a nazo\u010dnost sv. misi zbog dugotrajnog obreda krizme.)<\/p>\n<p style=\"text-align: justify;\">Molimo voditelje puta iz svih dru\u0161tava da na informativnom pultu (terasa gostionice \u201eKod Daneta\u201c) prijave broj sudionika, kako bismo preciznije naru\u010dili objed u Erdutu.<\/p>\n<p style=\"text-align: justify;\">To\u010dno u 9,30 sati polazak cijele grupe, s podjelom na \u0161kolsku djecu i odrasle.<\/p>\n<p style=\"text-align: justify;\"><strong>Erdut<\/strong>. Od 14 do 15 sati zajedni\u010dki objed (grah i \u010dobanac). Veselica uz glazbu, to\u010deno pivo, kavu i kola\u010de.<\/p>\n<p style=\"text-align: justify;\">Od 14,30 do 16,30 sati slobodan je ulaz u vinariju: najve\u0107a vinska ba\u010dva na svijetu, kupovina erdutskih vina. Individualni odlazak do vidikovca uz kulu. Poseban program za djecu.<\/p>\n<p style=\"text-align: justify;\">Oko 17 sati ispra\u0107aj gostiju.<\/p>\n<p style=\"text-align: right;\">PD &#8220;Zanatlija&#8221; Osijek<\/p>\n<p style=\"text-align: justify;\">P.S. Molimo vas, ukoliko je mogu\u0107e, da nam ranije javite koliko planinara \u0107e do\u0107i zbog pripreme objeda.<\/p>\n<\/div>\n<p>[\/et_pb_text][\/et_pb_column][\/et_pb_row][\/et_pb_section]<\/p>\n","protected":false},"excerpt":{"rendered":"<p>Planinari \u201eZanatlije\u201c pozivaju vas na jubilarni 20. \u201ePodunavski pje\u0161a\u010dki put\u201c od Aljma\u0161a do Erduta koji \u0107e se odr\u017eati 28. travnja 2019. Nakon mirne reintegracije zatekli smo Podunavlje kao posve opusto\u0161en krajolik. Danas je Hrvatska ponovo podunavska zemlja koja se di\u010di plodnim vinogradima i vo\u0107njacima, a silina Dunava nas poti\u010de da slavimo ljepotu planeta Zemlje i [&hellip;]<\/p>\n","protected":false},"author":1,"featured_media":0,"comment_status":"closed","ping_status":"open","sticky":false,"template":"","format":"standard","meta":{"_et_pb_use_builder":"on","_et_pb_old_content":"","_et_gb_content_width":"1080","footnotes":""},"categories":[33],"tags":[],"class_list":["post-4679","post","type-post","status-publish","format-standard","hentry","category-33"],"_links":{"self":[{"href":"https:\/\/www.slavonski-planinari.hr\/arhiva\/wp-json\/wp\/v2\/posts\/4679","targetHints":{"allow":["GET"]}}],"collection":[{"href":"https:\/\/www.slavonski-planinari.hr\/arhiva\/wp-json\/wp\/v2\/posts"}],"about":[{"href":"https:\/\/www.slavonski-planinari.hr\/arhiva\/wp-json\/wp\/v2\/types\/post"}],"author":[{"embeddable":true,"href":"https:\/\/www.slavonski-planinari.hr\/arhiva\/wp-json\/wp\/v2\/users\/1"}],"replies":[{"embeddable":true,"href":"https:\/\/www.slavonski-planinari.hr\/arhiva\/wp-json\/wp\/v2\/comments?post=4679"}],"version-history":[{"count":0,"href":"https:\/\/www.slavonski-planinari.hr\/arhiva\/wp-json\/wp\/v2\/posts\/4679\/revisions"}],"wp:attachment":[{"href":"https:\/\/www.slavonski-planinari.hr\/arhiva\/wp-json\/wp\/v2\/media?parent=4679"}],"wp:term":[{"taxonomy":"category","embeddable":true,"href":"https:\/\/www.slavonski-planinari.hr\/arhiva\/wp-json\/wp\/v2\/categories?post=4679"},{"taxonomy":"post_tag","embeddable":true,"href":"https:\/\/www.slavonski-planinari.hr\/arhiva\/wp-json\/wp\/v2\/tags?post=4679"}],"curies":[{"name":"wp","href":"https:\/\/api.w.org\/{rel}","templated":true}]}}