{"id":4674,"date":"2019-04-09T11:17:00","date_gmt":"2019-04-09T10:17:00","guid":{"rendered":"https:\/\/www.slavonski-planinari.hr\/arhiva\/?p=4674"},"modified":"2023-01-30T11:19:59","modified_gmt":"2023-01-30T10:19:59","slug":"aktivan-vikend-pd-krndija-nasice","status":"publish","type":"post","link":"https:\/\/www.slavonski-planinari.hr\/arhiva\/aktivan-vikend-pd-krndija-nasice\/","title":{"rendered":"Aktivan vikend PD Krndija Na\u0161ice"},"content":{"rendered":"<p>[et_pb_section fb_built=&#8221;1&#8243; theme_builder_area=&#8221;post_content&#8221; _builder_version=&#8221;4.19.5&#8243; _module_preset=&#8221;default&#8221;][et_pb_row _builder_version=&#8221;4.19.5&#8243; _module_preset=&#8221;default&#8221; theme_builder_area=&#8221;post_content&#8221;][et_pb_column _builder_version=&#8221;4.19.5&#8243; _module_preset=&#8221;default&#8221; type=&#8221;4_4&#8243; theme_builder_area=&#8221;post_content&#8221;][et_pb_text _builder_version=&#8221;4.19.5&#8243; _module_preset=&#8221;default&#8221; theme_builder_area=&#8221;post_content&#8221; hover_enabled=&#8221;0&#8243; sticky_enabled=&#8221;0&#8243;]<\/p>\n<div class=\"itemIntroText\">\n<p style=\"text-align: justify;\"><img loading=\"lazy\" decoding=\"async\" src=\"https:\/\/www.slavonski-planinari.hr\/arhiva\/wp-content\/uploads\/2023\/01\/izlet1a.jpg\" width=\"170\" height=\"113\" alt=\"\" class=\"wp-image-4676 alignleft size-full\" \/>U subotu je u odli\u010dnoj organizaciji Sekcije sv. Bernarda odr\u017ean jubilarni 25. Na\u0161i\u010dki planinarski kri\u017eni put s vi\u0161e od 500 sudionika.<\/p>\n<p style=\"text-align: justify;\">Isti dan na\u0161i \u010dlanovi sudjelovali su na tradicionalnom Beli\u0161\u0107anskom podravskom pje\u0161a\u010dkom putu ( BPPP) i u\u017eivali u prekrasnim dravskim pje\u0161\u010danim sprudovima.<\/p>\n<\/div>\n<div class=\"itemFullText\">\n<p style=\"text-align: justify;\">U nedjelju smo imali dva izleta u ponudi. Jedna ekipa oti\u0161la je u Lond\u017eicu gdje se trenutno adaptira novi prostor za pl. ku\u0107u \u201cKrndija\u201d. Ondje su do\u010dekali goste planinare iz \u201cBr\u0161ljana\u201d i \u201cZanatlije\u201d Osijek koji su prolazili dionicu na Krndiji od Borovika do Lon\u010darskog visa. Ugodni razgovori, dru\u017eenje, smijeh i prezentacija na\u0161eg novog prostora uljep\u0161ali su svim sudionicima ovu nedjelju. Doma\u0107ini su u\u017eivali u ugodnoj i prekrasnoj prirodi udaljenoj svega nekoliko km od Na\u0161ica, a neki su i hodali s gostima do Ivinih vrela.<\/p>\n<p style=\"text-align: justify;\">Druga ekipa \u010dlanova na Svjetski dan zdravlja oti\u0161la je na Papuk, najljep\u0161u slavonsku planinu po mnogima. Krenuli smo iz Gornjih Vrhovca nedaleko Velike i uspeli se preko papu\u010dkih \u0161ikara i vlaka do grebena Kre\u010dane. Izabrali smo nemarkirane staze gdje na\u0161i \u010dlanovi i planinari rijetko idu. Tu po\u010dinje vrlo strmi uspon do vrha Papuka. Ekipa u zavidnoj kondiciji vrlo asketski je podnosila teret planinarskih radosti iako nije bilo lako. Gotovo nismo radili pauzu.<\/p>\n<p style=\"text-align: justify;\"><img loading=\"lazy\" decoding=\"async\" src=\"https:\/\/www.slavonski-planinari.hr\/arhiva\/wp-content\/uploads\/2023\/01\/izlet2v.jpg\" width=\"600\" height=\"296\" alt=\"\" class=\"wp-image-4677 aligncenter size-full\" srcset=\"https:\/\/www.slavonski-planinari.hr\/arhiva\/wp-content\/uploads\/2023\/01\/izlet2v.jpg 600w, https:\/\/www.slavonski-planinari.hr\/arhiva\/wp-content\/uploads\/2023\/01\/izlet2v-480x237.jpg 480w\" sizes=\"(min-width: 0px) and (max-width: 480px) 480px, (min-width: 481px) 600px, 100vw\" \/><\/p>\n<p style=\"text-align: justify;\">Vrh Papuka i zen klupica te vojni kompleks pru\u017eili su nam \u010darobnu sliku na ravnu Slavoniju. Tu nam se priklju\u010duje prijatelj Antun iz Lipika. Nakon u\u017eitka za du\u0161u i tijelo spu\u0161tamo se ponovno grebenom Kre\u010dane i skre\u0107emo do Tabakovog brda. Ubrzo sti\u017eemo do Kamengrada, prekrasnog kompleksa iz 15. stolje\u0107a, jedne od 9 utvrda u Parku prirode Papuk. Sve odi\u0161e legendama o guji koja skriva blago nakon odlaska Turaka i povije\u0161\u0107u koja se otima sada\u0161njosti. Spu\u0161tamo se do Danilove njive i tu zavr\u0161avamo izlet. Samo 5 sati nam je trebalo za 20 km za izlet koji je predvi\u0111en za otprilike 7 h uz 1200 m visinske razlike. No, ekipa je bila odli\u010dno raspolo\u017eena i odli\u010dnog tempa. Odlazimo u Lond\u017eicu gdje se dru\u017eimo s \u010dlanovima s drugog izleta.<\/p>\n<p style=\"text-align: justify;\">Prekrasan vikend proveden u prirodi na razli\u010ditim izletima.<\/p>\n<p style=\"text-align: justify;\">Umor prolazi, a zadovoljstvo ostaje!\u201d<\/p>\n<\/div>\n<p>[\/et_pb_text][\/et_pb_column][\/et_pb_row][\/et_pb_section]<\/p>\n","protected":false},"excerpt":{"rendered":"<p>U subotu je u odli\u010dnoj organizaciji Sekcije sv. Bernarda odr\u017ean jubilarni 25. Na\u0161i\u010dki planinarski kri\u017eni put s vi\u0161e od 500 sudionika. Isti dan na\u0161i \u010dlanovi sudjelovali su na tradicionalnom Beli\u0161\u0107anskom podravskom pje\u0161a\u010dkom putu ( BPPP) i u\u017eivali u prekrasnim dravskim pje\u0161\u010danim sprudovima. U nedjelju smo imali dva izleta u ponudi. Jedna ekipa oti\u0161la je u [&hellip;]<\/p>\n","protected":false},"author":1,"featured_media":0,"comment_status":"closed","ping_status":"open","sticky":false,"template":"","format":"standard","meta":{"_et_pb_use_builder":"on","_et_pb_old_content":"","_et_gb_content_width":"1080","footnotes":""},"categories":[33],"tags":[],"class_list":["post-4674","post","type-post","status-publish","format-standard","hentry","category-33"],"_links":{"self":[{"href":"https:\/\/www.slavonski-planinari.hr\/arhiva\/wp-json\/wp\/v2\/posts\/4674","targetHints":{"allow":["GET"]}}],"collection":[{"href":"https:\/\/www.slavonski-planinari.hr\/arhiva\/wp-json\/wp\/v2\/posts"}],"about":[{"href":"https:\/\/www.slavonski-planinari.hr\/arhiva\/wp-json\/wp\/v2\/types\/post"}],"author":[{"embeddable":true,"href":"https:\/\/www.slavonski-planinari.hr\/arhiva\/wp-json\/wp\/v2\/users\/1"}],"replies":[{"embeddable":true,"href":"https:\/\/www.slavonski-planinari.hr\/arhiva\/wp-json\/wp\/v2\/comments?post=4674"}],"version-history":[{"count":0,"href":"https:\/\/www.slavonski-planinari.hr\/arhiva\/wp-json\/wp\/v2\/posts\/4674\/revisions"}],"wp:attachment":[{"href":"https:\/\/www.slavonski-planinari.hr\/arhiva\/wp-json\/wp\/v2\/media?parent=4674"}],"wp:term":[{"taxonomy":"category","embeddable":true,"href":"https:\/\/www.slavonski-planinari.hr\/arhiva\/wp-json\/wp\/v2\/categories?post=4674"},{"taxonomy":"post_tag","embeddable":true,"href":"https:\/\/www.slavonski-planinari.hr\/arhiva\/wp-json\/wp\/v2\/tags?post=4674"}],"curies":[{"name":"wp","href":"https:\/\/api.w.org\/{rel}","templated":true}]}}