{"id":4655,"date":"2019-04-11T09:00:00","date_gmt":"2019-04-11T08:00:00","guid":{"rendered":"https:\/\/www.slavonski-planinari.hr\/arhiva\/?p=4655"},"modified":"2023-01-30T09:02:58","modified_gmt":"2023-01-30T08:02:58","slug":"odrzana-izvjestajna-skupstina-sp-foto","status":"publish","type":"post","link":"https:\/\/www.slavonski-planinari.hr\/arhiva\/odrzana-izvjestajna-skupstina-sp-foto\/","title":{"rendered":"Odr\u017eana izvje\u0161tajna Skup\u0161tina SP [FOTO]"},"content":{"rendered":"<p>[et_pb_section fb_built=&#8221;1&#8243; theme_builder_area=&#8221;post_content&#8221; _builder_version=&#8221;4.19.5&#8243; _module_preset=&#8221;default&#8221;][et_pb_row _builder_version=&#8221;4.19.5&#8243; _module_preset=&#8221;default&#8221; theme_builder_area=&#8221;post_content&#8221;][et_pb_column _builder_version=&#8221;4.19.5&#8243; _module_preset=&#8221;default&#8221; type=&#8221;4_4&#8243; theme_builder_area=&#8221;post_content&#8221;][et_pb_text _builder_version=&#8221;4.19.5&#8243; _module_preset=&#8221;default&#8221; theme_builder_area=&#8221;post_content&#8221; hover_enabled=&#8221;0&#8243; sticky_enabled=&#8221;0&#8243;]<\/p>\n<div class=\"itemIntroText\">\n<p style=\"text-align: justify;\">U subotu, 30. o\u017eujka, u planinarskom domu Lapjak je odr\u017eana izvje\u0161tajna Skup\u0161tina udruge Slavonski planinari.<\/p>\n<\/div>\n<div class=\"itemFullText\">\n<p style=\"text-align: justify;\">Osim izvje\u0161taja i planova, kao uobi\u010dajenih to\u010daka dnevnog reda, done\u0161ena je nova odluka o visini i na\u010dinu ubiranja \u010dlanskog doprinosa, odluka o smanjenju broja delegata sa dva na jednoga iz svake \u010dlanice, odluka o osnivanju Stanice markacista Slavonija te odluke vezane uz skoro izdavanje novog dnevnika SPP.<\/p>\n<p style=\"text-align: justify;\">Skup\u0161tine su prilika da se uru\u010de priznanja SP pojedincima i udrugama pa su za vi\u0161egodi\u0161nji rad dodijeljena priznanja: &#8220;\u0110uro Pilar&#8221; Slavku Pokornyu-Slivi (posthumno), &#8220;Dragutin Lerman&#8221; Borisu Lovri\u0107u, &#8220;Antun Petkovi\u0107&#8221; Igoru Na\u0111u i HPD &#8220;Lipa&#8221; Lipik uz 25 godina uspje\u0161nog rada. Prijelazni peher SPPa je ponovno u rukama PD Zanatlija a priznanje Kamilo Firinger za turni obilazak SPPa u 2018. su zaslu\u017eili: Josip Zubak, Zlatko Beci\u0107, Zdravko E\u0107imovi\u0107 i Dalibor \u0160por\u010di\u0107.<\/p>\n<p style=\"text-align: justify;\">Najbolje slavonsko planinarsko dru\u0161tvo u 2018. je HPD Cibalia Vinkovci.\u00a0 Zapisnik sa Skup\u0161tine se mo\u017ee vidjeti pod &#8220;Odluke i zaklju\u010dci organa SP&#8221;.\u00a0<\/p>\n<p style=\"text-align: right;\">OT<br \/>foto: Mario Ripli<\/p>\n<\/div>\n<p>[\/et_pb_text][et_pb_gallery _builder_version=&#8221;4.19.5&#8243; _module_preset=&#8221;default&#8221; theme_builder_area=&#8221;post_content&#8221; gallery_ids=&#8221;4657,4658,4659,4660,4661,4662,4663,4664,4665,4666,4667,4668,4669,4670,4671,4672&#8243; posts_number=&#8221;16&#8243; show_title_and_caption=&#8221;off&#8221; hover_enabled=&#8221;0&#8243; sticky_enabled=&#8221;0&#8243;][\/et_pb_gallery][\/et_pb_column][\/et_pb_row][\/et_pb_section]<\/p>\n","protected":false},"excerpt":{"rendered":"<p>U subotu, 30. o\u017eujka, u planinarskom domu Lapjak je odr\u017eana izvje\u0161tajna Skup\u0161tina udruge Slavonski planinari. Osim izvje\u0161taja i planova, kao uobi\u010dajenih to\u010daka dnevnog reda, done\u0161ena je nova odluka o visini i na\u010dinu ubiranja \u010dlanskog doprinosa, odluka o smanjenju broja delegata sa dva na jednoga iz svake \u010dlanice, odluka o osnivanju Stanice markacista Slavonija te odluke [&hellip;]<\/p>\n","protected":false},"author":1,"featured_media":0,"comment_status":"closed","ping_status":"open","sticky":false,"template":"","format":"standard","meta":{"_et_pb_use_builder":"on","_et_pb_old_content":"","_et_gb_content_width":"1080","footnotes":""},"categories":[33],"tags":[],"class_list":["post-4655","post","type-post","status-publish","format-standard","hentry","category-33"],"_links":{"self":[{"href":"https:\/\/www.slavonski-planinari.hr\/arhiva\/wp-json\/wp\/v2\/posts\/4655","targetHints":{"allow":["GET"]}}],"collection":[{"href":"https:\/\/www.slavonski-planinari.hr\/arhiva\/wp-json\/wp\/v2\/posts"}],"about":[{"href":"https:\/\/www.slavonski-planinari.hr\/arhiva\/wp-json\/wp\/v2\/types\/post"}],"author":[{"embeddable":true,"href":"https:\/\/www.slavonski-planinari.hr\/arhiva\/wp-json\/wp\/v2\/users\/1"}],"replies":[{"embeddable":true,"href":"https:\/\/www.slavonski-planinari.hr\/arhiva\/wp-json\/wp\/v2\/comments?post=4655"}],"version-history":[{"count":0,"href":"https:\/\/www.slavonski-planinari.hr\/arhiva\/wp-json\/wp\/v2\/posts\/4655\/revisions"}],"wp:attachment":[{"href":"https:\/\/www.slavonski-planinari.hr\/arhiva\/wp-json\/wp\/v2\/media?parent=4655"}],"wp:term":[{"taxonomy":"category","embeddable":true,"href":"https:\/\/www.slavonski-planinari.hr\/arhiva\/wp-json\/wp\/v2\/categories?post=4655"},{"taxonomy":"post_tag","embeddable":true,"href":"https:\/\/www.slavonski-planinari.hr\/arhiva\/wp-json\/wp\/v2\/tags?post=4655"}],"curies":[{"name":"wp","href":"https:\/\/api.w.org\/{rel}","templated":true}]}}