{"id":4641,"date":"2019-04-04T08:56:00","date_gmt":"2019-04-04T07:56:00","guid":{"rendered":"https:\/\/www.slavonski-planinari.hr\/arhiva\/?p=4641"},"modified":"2023-01-30T09:00:05","modified_gmt":"2023-01-30T08:00:05","slug":"aktivan-vikend-beliscanskih-planinara-foto","status":"publish","type":"post","link":"https:\/\/www.slavonski-planinari.hr\/arhiva\/aktivan-vikend-beliscanskih-planinara-foto\/","title":{"rendered":"Aktivan vikend beli\u0161\u0107anskih planinara [FOTO]"},"content":{"rendered":"<p>[et_pb_section fb_built=&#8221;1&#8243; theme_builder_area=&#8221;post_content&#8221; _builder_version=&#8221;4.19.5&#8243; _module_preset=&#8221;default&#8221;][et_pb_row _builder_version=&#8221;4.19.5&#8243; _module_preset=&#8221;default&#8221; theme_builder_area=&#8221;post_content&#8221;][et_pb_column _builder_version=&#8221;4.19.5&#8243; _module_preset=&#8221;default&#8221; type=&#8221;4_4&#8243; theme_builder_area=&#8221;post_content&#8221;][et_pb_text _builder_version=&#8221;4.19.5&#8243; _module_preset=&#8221;default&#8221; theme_builder_area=&#8221;post_content&#8221; hover_enabled=&#8221;0&#8243; sticky_enabled=&#8221;0&#8243;]<\/p>\n<p style=\"text-align: justify;\"><strong>U subotu na Godi\u0161njoj skup\u0161tini udruge Slavonski planinari, u nedjelju na BPPP-u i Papuku<\/strong><\/p>\n<p style=\"text-align: justify;\">U subotu 30. 3. dvoje delegata i \u010dlanica Suda \u010dasti bili su na godi\u0161njoj izvje\u0161tajnoj skup\u0161tini udruge Slavonski planinari, koja se odr\u017eavala u planinarskom domu Lapjak u Velikoj.<\/p>\n<p style=\"text-align: justify;\">Aktivno su u\u010destvovali u radu iste. Nedavno je Upravni odbor udruge Slavonski planinari predlo\u017eio na\u0161e dru\u0161tvo Hrvatskom planinarskom savezu za dodjelu priznanja Srebrni znak, \u0161to je i prihva\u0107eno . O tome \u0107emo pisati kada to i jo\u0161 jedno priznanje pojedincu bude dostavljeno.<\/p>\n<p style=\"text-align: justify;\">U nedjelju 31. 3. grupa od 16 \u010dlanova se uputila na na\u0161u BPPP stazu radi inspekcije i posljednje pripreme za veliki skup koji \u0107e se odr\u017eati 6. 4. 2019, a okupljanje \u0107e biti u prostoru Kajak kluba. O\u010dekujemo veliki broj planinara iz vi\u0161e planinarskih dru\u0161tava, a pozvani su svi koji vole prirodu da pro\u0161etaju lijepo ure\u0111enom stazom do na\u0161eg odmori\u0161ta. Staza je dostupna i za one najmla\u0111e, kao i za one svih dobnih skupina. Na\u0161a ekipa za ure\u0111enje staze je odradila svoj zadatak . Vrijeme je bilo ugodno toplo pravo proljetno. Drve\u0107e se pomalo zeleni, a na sve strane procvale proljetnice. Drava ima nizak vodostaj i nadamo se da \u0107emo i ovaj put mo\u0107i u njeno korito na prelijepi pje\u0161\u010dani dio.<\/p>\n<p style=\"text-align: justify;\">Krenulo se od mosta, preko odmori\u0161ta u Bistrincima, a manja grupa od sveti\u0161ta sv. Ane i na jednom dijelu u \u0161umi spojene su obje grupe. U lijepom ambijentu bilo je ugodno hodanje i dru\u017eenje. Kod samog odmori\u0161ta posje\u010dena \u0161uma je sve rastu\u017eila, ali se nadamo da \u0107e se ponovnim po\u0161umljavanjem vratiti stari sjaj ovom mjestu. Tamo smo zatekli jo\u0161 izletnika koji su u\u017eivali. Kao ina\u010de pripremali smo svoje delicije na vatri i proveli ugodno vrijeme u ugodnom dru\u017eenju, dogovaraju\u0107i pripreme za odr\u017eavanje skupa. U poslijepodnevnim satima pri povratku pokraj bare Jugova\u010de zatekli smo i dva labuda kako u\u017eivaju u ljepoti prolje\u0107a.<\/p>\n<p style=\"text-align: justify;\">Druga grupa od 7 planinara se uputila u pravcu Papuka. Nema bolje destinacije da se zavoli priroda i planinarenje. U grupi je bilo troje mladih novih \u010dlanova iz Osijeka koji su se odlu\u010dili za na\u0161e dru\u0161tvo. Vodio ih je vodi\u0107\u010d Ivan Stifter na najvi\u0161i vrh Papuka Iva\u010dku glavu. Krenuli su iz najljep\u0161e planinske doline Jankovac cestom i iza mosta sjevernim usponom, a potom prema zapadu. Tre\u0107inu puta su pro\u0161li prelijepom bukovom \u0161umom punom proljetnica i srijemu\u0161a. Usput su susreli puno izletnika i planinara. Cijela grupa je stigla na vrh Iva\u010dku glavu 913 m. O\u010darani ljepotom pogleda s vrha gore su se zadr\u017eali gotovo 2 sata. Povratak je bio preko An\u0111ine barake u smjeru Nevolja\u0161a, pa Jungovom stazom do Jankovca. Postignut je cilj izleta. Mladi ljudi su u\u017eivali u ljepoti prirode, provjerili prakti\u010dnost novokupljene planinarske opreme, spoznali svoju kondicijsku spremnost i odlu\u010dni za nove izazove. Oko 19 sati su svi zadovoljni stigli ku\u0107ama.<\/p>\n<p style=\"text-align: justify;\">OVIM PUTEM JO\u0160 JEDNOM POZIVAMO NA NA\u0160<span>\u00a0<\/span>BPPP SKUP PLANINARA I IZLETNIKA<span>\u00a0<\/span>6. 4. 2019.g.\u00a0<span>Okupljanje kod Kajak kluba u Beli\u0161\u0107u od 8 do 9 sati.<\/span><\/p>\n<p style=\"text-align: right;\">Tajnica Nada Donkovi\u0107<\/p>\n<p>[\/et_pb_text][et_pb_gallery _builder_version=&#8221;4.19.5&#8243; _module_preset=&#8221;default&#8221; theme_builder_area=&#8221;post_content&#8221; gallery_ids=&#8221;4643,4644,4645,4646,4647,4648,4649,4650,4651,4652,4653&#8243; posts_number=&#8221;11&#8243; show_title_and_caption=&#8221;off&#8221; hover_enabled=&#8221;0&#8243; sticky_enabled=&#8221;0&#8243;][\/et_pb_gallery][\/et_pb_column][\/et_pb_row][\/et_pb_section]<\/p>\n","protected":false},"excerpt":{"rendered":"<p>U subotu na Godi\u0161njoj skup\u0161tini udruge Slavonski planinari, u nedjelju na BPPP-u i Papuku U subotu 30. 3. dvoje delegata i \u010dlanica Suda \u010dasti bili su na godi\u0161njoj izvje\u0161tajnoj skup\u0161tini udruge Slavonski planinari, koja se odr\u017eavala u planinarskom domu Lapjak u Velikoj. Aktivno su u\u010destvovali u radu iste. Nedavno je Upravni odbor udruge Slavonski planinari [&hellip;]<\/p>\n","protected":false},"author":1,"featured_media":0,"comment_status":"closed","ping_status":"open","sticky":false,"template":"","format":"standard","meta":{"_et_pb_use_builder":"on","_et_pb_old_content":"","_et_gb_content_width":"1080","footnotes":""},"categories":[33],"tags":[],"class_list":["post-4641","post","type-post","status-publish","format-standard","hentry","category-33"],"_links":{"self":[{"href":"https:\/\/www.slavonski-planinari.hr\/arhiva\/wp-json\/wp\/v2\/posts\/4641","targetHints":{"allow":["GET"]}}],"collection":[{"href":"https:\/\/www.slavonski-planinari.hr\/arhiva\/wp-json\/wp\/v2\/posts"}],"about":[{"href":"https:\/\/www.slavonski-planinari.hr\/arhiva\/wp-json\/wp\/v2\/types\/post"}],"author":[{"embeddable":true,"href":"https:\/\/www.slavonski-planinari.hr\/arhiva\/wp-json\/wp\/v2\/users\/1"}],"replies":[{"embeddable":true,"href":"https:\/\/www.slavonski-planinari.hr\/arhiva\/wp-json\/wp\/v2\/comments?post=4641"}],"version-history":[{"count":0,"href":"https:\/\/www.slavonski-planinari.hr\/arhiva\/wp-json\/wp\/v2\/posts\/4641\/revisions"}],"wp:attachment":[{"href":"https:\/\/www.slavonski-planinari.hr\/arhiva\/wp-json\/wp\/v2\/media?parent=4641"}],"wp:term":[{"taxonomy":"category","embeddable":true,"href":"https:\/\/www.slavonski-planinari.hr\/arhiva\/wp-json\/wp\/v2\/categories?post=4641"},{"taxonomy":"post_tag","embeddable":true,"href":"https:\/\/www.slavonski-planinari.hr\/arhiva\/wp-json\/wp\/v2\/tags?post=4641"}],"curies":[{"name":"wp","href":"https:\/\/api.w.org\/{rel}","templated":true}]}}