{"id":4603,"date":"2019-03-28T08:37:00","date_gmt":"2019-03-28T07:37:00","guid":{"rendered":"https:\/\/www.slavonski-planinari.hr\/arhiva\/?p=4603"},"modified":"2023-01-30T08:40:09","modified_gmt":"2023-01-30T07:40:09","slug":"papucki-jaglaci-2019-foto","status":"publish","type":"post","link":"https:\/\/www.slavonski-planinari.hr\/arhiva\/papucki-jaglaci-2019-foto\/","title":{"rendered":"Papu\u010dki jaglaci 2019. [FOTO]"},"content":{"rendered":"<p>[et_pb_section fb_built=&#8221;1&#8243; theme_builder_area=&#8221;post_content&#8221; _builder_version=&#8221;4.19.5&#8243; _module_preset=&#8221;default&#8221;][et_pb_row _builder_version=&#8221;4.19.5&#8243; _module_preset=&#8221;default&#8221; theme_builder_area=&#8221;post_content&#8221;][et_pb_column _builder_version=&#8221;4.19.5&#8243; _module_preset=&#8221;default&#8221; type=&#8221;4_4&#8243; theme_builder_area=&#8221;post_content&#8221;][et_pb_text _builder_version=&#8221;4.19.5&#8243; _module_preset=&#8221;default&#8221; theme_builder_area=&#8221;post_content&#8221; hover_enabled=&#8221;0&#8243; sticky_enabled=&#8221;0&#8243;]<\/p>\n<div class=\"itemIntroText\">\n<p style=\"text-align: justify;\">Tradicionalna planinarska manifestacija \u201ePapu\u010dki jaglaci\u201c, ove godine najposje\u0107enija, okupila je brojne planinare i ljubitelje prirode, njih preko 3000, iz 66 raznih udruga iz Hrvatske, BiH, Srbije i Ma\u0111arske.<\/p>\n<\/div>\n<div class=\"itemFullText\">\n<p style=\"text-align: justify;\">Izletnici su se okupljali od 8 do 9 sati se ispred Planinarskog doma \u201cLapjak\u201d u Velikoj, gdje su im doma\u0107ini ponudili pecivo, \u010daj, a \u201eSokolice\u201c su ispekle i kola\u010de. Ugodan boravak u prirodi po\u017eeljeli su im predsjednik HPD \u201eSokolovac\u201c Predrag Livak, predstavnik Op\u0107ine Velika Dario Ivkovi\u0107, zamjenik gradona\u010delnika Po\u017eege Ferdinand Troha, zamjenik \u017eupana Po\u017ee\u0161ko-slavonske \u017eupanije Vedran Neferovi\u0107 te predstavnik Parka prirode \u201ePapuk\u201c Miroslav Mesi\u0107, ujedno i vodi\u010d na stazi Jankovac, te ispred Udruge &#8220;Slavonski planinar&#8221;, Mario Ripli, \u010dlan Upravnog odbora i agilni tajnik HPD-a &#8220;Papuk&#8221; Virovitica.<\/p>\n<p style=\"text-align: justify;\">Tradicionalno planinarima se za vi\u0161esatno u\u017eivanje u prirodi nudi pet staza; Staza Jaglaca, Tri\u0161njica, Mali\u0161\u010dak, Jankovac i \u010ce\u0161ljakova\u010dki vis du\u017eine od 3 do 7 sati hodanja.<\/p>\n<p style=\"text-align: justify;\">Za sigurnost i pomo\u0107 planinarima, rekreativcima i ljubiteljima prirode na usluzi su planinarski vodi\u010di, rend\u017eeri Parka prirode Papuk te \u010dlanovi po\u017ee\u0161ke stanice HGSS-a s kolegama iz drugih slavonskih stanica.<\/p>\n<p style=\"text-align: justify;\">Najmla\u0111a \u201eplaninarka\u201c bila je dvogodi\u0161nja Klara \u0106uraj iz Osijeka a najstarija Ru\u017eica Pa\u0111en iz HPD Br\u0161ljan Jankovac (86 godina).<\/p>\n<p style=\"text-align: justify;\">Na povratku sa staza sve posjetitelje je do\u010dekao zabavno \u2013 glazbeni program uz \u017eivu glazbu te ru\u010dak (grah, \u010dobanac i \u010devap\u010di\u0107i u lepinji, kobasica) i pi\u0107e po vrlo povoljnim cijenama.<\/p>\n<p style=\"text-align: justify;\">Zahvaljujemo svim posjetiteljima, Sokolicama i Sokolovima, vodi\u010dima Stanice planinarskih vodi\u010da Slavonija, HGSS-u Stanica Po\u017eega, medijima i svima ostalima, i vidimo se na godinu na 38-im Papu\u010dkim jaglacima.<\/p>\n<\/div>\n<p>[\/et_pb_text][et_pb_gallery _builder_version=&#8221;4.19.5&#8243; _module_preset=&#8221;default&#8221; theme_builder_area=&#8221;post_content&#8221; gallery_ids=&#8221;4605,4606,4607,4608,4609,4610,4611,4612,4613,4614,4615,4616,4617,4618,4619,4620,4621,4622,4623,4624&#8243; posts_number=&#8221;20&#8243; show_title_and_caption=&#8221;off&#8221; hover_enabled=&#8221;0&#8243; sticky_enabled=&#8221;0&#8243;][\/et_pb_gallery][\/et_pb_column][\/et_pb_row][\/et_pb_section]<\/p>\n","protected":false},"excerpt":{"rendered":"<p>Tradicionalna planinarska manifestacija \u201ePapu\u010dki jaglaci\u201c, ove godine najposje\u0107enija, okupila je brojne planinare i ljubitelje prirode, njih preko 3000, iz 66 raznih udruga iz Hrvatske, BiH, Srbije i Ma\u0111arske. Izletnici su se okupljali od 8 do 9 sati se ispred Planinarskog doma \u201cLapjak\u201d u Velikoj, gdje su im doma\u0107ini ponudili pecivo, \u010daj, a \u201eSokolice\u201c su ispekle [&hellip;]<\/p>\n","protected":false},"author":1,"featured_media":0,"comment_status":"closed","ping_status":"open","sticky":false,"template":"","format":"standard","meta":{"_et_pb_use_builder":"on","_et_pb_old_content":"","_et_gb_content_width":"1080","footnotes":""},"categories":[33],"tags":[],"class_list":["post-4603","post","type-post","status-publish","format-standard","hentry","category-33"],"_links":{"self":[{"href":"https:\/\/www.slavonski-planinari.hr\/arhiva\/wp-json\/wp\/v2\/posts\/4603","targetHints":{"allow":["GET"]}}],"collection":[{"href":"https:\/\/www.slavonski-planinari.hr\/arhiva\/wp-json\/wp\/v2\/posts"}],"about":[{"href":"https:\/\/www.slavonski-planinari.hr\/arhiva\/wp-json\/wp\/v2\/types\/post"}],"author":[{"embeddable":true,"href":"https:\/\/www.slavonski-planinari.hr\/arhiva\/wp-json\/wp\/v2\/users\/1"}],"replies":[{"embeddable":true,"href":"https:\/\/www.slavonski-planinari.hr\/arhiva\/wp-json\/wp\/v2\/comments?post=4603"}],"version-history":[{"count":0,"href":"https:\/\/www.slavonski-planinari.hr\/arhiva\/wp-json\/wp\/v2\/posts\/4603\/revisions"}],"wp:attachment":[{"href":"https:\/\/www.slavonski-planinari.hr\/arhiva\/wp-json\/wp\/v2\/media?parent=4603"}],"wp:term":[{"taxonomy":"category","embeddable":true,"href":"https:\/\/www.slavonski-planinari.hr\/arhiva\/wp-json\/wp\/v2\/categories?post=4603"},{"taxonomy":"post_tag","embeddable":true,"href":"https:\/\/www.slavonski-planinari.hr\/arhiva\/wp-json\/wp\/v2\/tags?post=4603"}],"curies":[{"name":"wp","href":"https:\/\/api.w.org\/{rel}","templated":true}]}}