{"id":4571,"date":"2019-03-12T13:59:00","date_gmt":"2019-03-12T12:59:00","guid":{"rendered":"https:\/\/www.slavonski-planinari.hr\/arhiva\/?p=4571"},"modified":"2023-01-27T14:01:55","modified_gmt":"2023-01-27T13:01:55","slug":"odrzana-proljetna-vjezba-i-izborna-skupstina-stanice-planinarskih-vodica-slavonija-foto","status":"publish","type":"post","link":"https:\/\/www.slavonski-planinari.hr\/arhiva\/odrzana-proljetna-vjezba-i-izborna-skupstina-stanice-planinarskih-vodica-slavonija-foto\/","title":{"rendered":"Odr\u017eana proljetna vje\u017eba i Izborna skup\u0161tina Stanice planinarskih vodi\u010da Slavonija [FOTO]"},"content":{"rendered":"<p>[et_pb_section fb_built=&#8221;1&#8243; theme_builder_area=&#8221;post_content&#8221; _builder_version=&#8221;4.19.5&#8243; _module_preset=&#8221;default&#8221;][et_pb_row _builder_version=&#8221;4.19.5&#8243; _module_preset=&#8221;default&#8221; theme_builder_area=&#8221;post_content&#8221;][et_pb_column _builder_version=&#8221;4.19.5&#8243; _module_preset=&#8221;default&#8221; type=&#8221;4_4&#8243; theme_builder_area=&#8221;post_content&#8221;][et_pb_text _builder_version=&#8221;4.19.5&#8243; _module_preset=&#8221;default&#8221; theme_builder_area=&#8221;post_content&#8221; hover_enabled=&#8221;0&#8243; sticky_enabled=&#8221;0&#8243;]<\/p>\n<div class=\"itemIntroText\">\n<p style=\"text-align: justify;\">U nedjelju, 10. o\u017eujka 2019., je odr\u017eana proljetna vje\u017eba Stanice vodi\u010da Slavonija. Vodi\u010di iz slavonskih planinarskih dru\u0161tava su se okupili u planinarskom domu \u0110uro Pilar kod Slavonskog Broda kako bi obnovili znanje iz orijentacije, pravila kod vo\u0111enja grupe kroz prakti\u010dne primjere te razmijenili iskustva iz prakse.<\/p>\n<\/div>\n<div class=\"itemFullText\">\n<p style=\"text-align: justify;\">Obnova prakti\u010dnog znanje iz vezanja i upotrebe \u010dvorova je zaokru\u017eena vje\u017ebom postavljanja i kori\u0161tenja \u0161umskog rukohvata (gelendera).<\/p>\n<p style=\"text-align: justify;\">Nakon vje\u017ebe je odr\u017eana Izborna skup\u0161tina Stanice na kojoj su prezentirani i usvojeni izvje\u0161taji o radu i financijama iz 2018 te planovi za 2019. Budu\u0107i je rukovodstvu Stanice istekao dvogodi\u0161nji mandat, dana im je razrje\u0161nica. Ve\u0107 u slijede\u0107oj to\u010dki dnevnog reda isti je sastav ponovno izabran jer nije bilo drugih prijedloga. To zna\u010di da du\u017enost pro\u010delnika u slijede\u0107e dvije godine ponovno vr\u0161i Dra\u017een Mlinari\u0107, dopro\u010delnik je Josip Dikli\u0107 a tajnik Mario Peri\u0107. U nastavku su usvojeni plan rada i financijski plan te prezentirane informacije vezane uz rad vodi\u010dke slu\u017ebe.<\/p>\n<p style=\"text-align: right;\">Otmar Tosenberger<br \/>Fotografije: Mario Ripli<\/p>\n<\/div>\n<p>[\/et_pb_text][et_pb_gallery _builder_version=&#8221;4.19.5&#8243; _module_preset=&#8221;default&#8221; theme_builder_area=&#8221;post_content&#8221; gallery_ids=&#8221;4576,4573,4574,4575,4577,4578,4579&#8243; posts_number=&#8221;7&#8243; show_title_and_caption=&#8221;off&#8221; hover_enabled=&#8221;0&#8243; sticky_enabled=&#8221;0&#8243;][\/et_pb_gallery][\/et_pb_column][\/et_pb_row][\/et_pb_section]<\/p>\n","protected":false},"excerpt":{"rendered":"<p>U nedjelju, 10. o\u017eujka 2019., je odr\u017eana proljetna vje\u017eba Stanice vodi\u010da Slavonija. Vodi\u010di iz slavonskih planinarskih dru\u0161tava su se okupili u planinarskom domu \u0110uro Pilar kod Slavonskog Broda kako bi obnovili znanje iz orijentacije, pravila kod vo\u0111enja grupe kroz prakti\u010dne primjere te razmijenili iskustva iz prakse. Obnova prakti\u010dnog znanje iz vezanja i upotrebe \u010dvorova je [&hellip;]<\/p>\n","protected":false},"author":1,"featured_media":0,"comment_status":"closed","ping_status":"open","sticky":false,"template":"","format":"standard","meta":{"_et_pb_use_builder":"on","_et_pb_old_content":"","_et_gb_content_width":"1080","footnotes":""},"categories":[33],"tags":[],"class_list":["post-4571","post","type-post","status-publish","format-standard","hentry","category-33"],"_links":{"self":[{"href":"https:\/\/www.slavonski-planinari.hr\/arhiva\/wp-json\/wp\/v2\/posts\/4571","targetHints":{"allow":["GET"]}}],"collection":[{"href":"https:\/\/www.slavonski-planinari.hr\/arhiva\/wp-json\/wp\/v2\/posts"}],"about":[{"href":"https:\/\/www.slavonski-planinari.hr\/arhiva\/wp-json\/wp\/v2\/types\/post"}],"author":[{"embeddable":true,"href":"https:\/\/www.slavonski-planinari.hr\/arhiva\/wp-json\/wp\/v2\/users\/1"}],"replies":[{"embeddable":true,"href":"https:\/\/www.slavonski-planinari.hr\/arhiva\/wp-json\/wp\/v2\/comments?post=4571"}],"version-history":[{"count":0,"href":"https:\/\/www.slavonski-planinari.hr\/arhiva\/wp-json\/wp\/v2\/posts\/4571\/revisions"}],"wp:attachment":[{"href":"https:\/\/www.slavonski-planinari.hr\/arhiva\/wp-json\/wp\/v2\/media?parent=4571"}],"wp:term":[{"taxonomy":"category","embeddable":true,"href":"https:\/\/www.slavonski-planinari.hr\/arhiva\/wp-json\/wp\/v2\/categories?post=4571"},{"taxonomy":"post_tag","embeddable":true,"href":"https:\/\/www.slavonski-planinari.hr\/arhiva\/wp-json\/wp\/v2\/tags?post=4571"}],"curies":[{"name":"wp","href":"https:\/\/api.w.org\/{rel}","templated":true}]}}