{"id":4554,"date":"2019-03-12T13:56:00","date_gmt":"2019-03-12T12:56:00","guid":{"rendered":"https:\/\/www.slavonski-planinari.hr\/arhiva\/?p=4554"},"modified":"2023-01-27T13:59:22","modified_gmt":"2023-01-27T12:59:22","slug":"grgurevo-u-pozegi-foto","status":"publish","type":"post","link":"https:\/\/www.slavonski-planinari.hr\/arhiva\/grgurevo-u-pozegi-foto\/","title":{"rendered":"Grgurevo u Po\u017eegi [FOTO]"},"content":{"rendered":"<p>[et_pb_section fb_built=&#8221;1&#8243; theme_builder_area=&#8221;post_content&#8221; _builder_version=&#8221;4.19.5&#8243; _module_preset=&#8221;default&#8221;][et_pb_row _builder_version=&#8221;4.19.5&#8243; _module_preset=&#8221;default&#8221; theme_builder_area=&#8221;post_content&#8221;][et_pb_column _builder_version=&#8221;4.19.5&#8243; _module_preset=&#8221;default&#8221; type=&#8221;4_4&#8243; theme_builder_area=&#8221;post_content&#8221;][et_pb_text _builder_version=&#8221;4.19.5&#8243; _module_preset=&#8221;default&#8221; theme_builder_area=&#8221;post_content&#8221; hover_enabled=&#8221;0&#8243; sticky_enabled=&#8221;0&#8243;]<\/p>\n<p style=\"text-align: justify;\">U nedjelju 10. o\u017eujka 2019.g. \u010detvoro beli\u0161\u0107anskih planinara se uputilo u Po\u017eegu na kako su ga tamo nazvali \u201eObiteljski izlet\u201c povodom\u00a0 Dana grada Po\u017eege.<\/p>\n<p style=\"text-align: justify;\">U Po\u017eegi su ih do\u010dekali planinarski doma\u0107ini HPD \u201eGojzerica\u201c kod Gradske ku\u0107e, te ih po\u010dastili tradicionalnim planinarskim doru\u010dkom ( klruh s masti i pekmezom uz topli \u010daj).<\/p>\n<p style=\"text-align: justify;\">Oko 10 sati , nakon obra\u0107anja predsjednika dru\u0161tva i gradona\u010delnika , te zajedni\u010dkog fotografiranja , veliki broj planinara je krenuo na dvije staze. Prva je obiteljska- lak\u0161a u trajanju 2 sata, a druga te\u017ea u trajanju 4 sata. Nakon lijepe \u0161etnje po toplom i ugodnom vremenu kroz \u0161ume i vinograde, preko prekrasnih vidikovaca\u00a0 s pogledom na Po\u017eegu i Zlatnu dolinu uslijedio je dolazak na cilj kod kapelice Sv.Vida\u00a0 iznad grada.Tu je doma\u0107in osigurao besplatan grah za sve sudionike, a zatim je nastavljeno dru\u017eenje uz glazbeni program.<\/p>\n<p style=\"text-align: justify;\">Poslije lijepo provedenog dana u prirodi, oko 16 sati krenuli su prema Valpovu i Beli\u0161\u0107u.<\/p>\n<p style=\"text-align: justify;\">O izletu je izvjestio i prilo\u017eio fotografije Matko Florijan\u010di\u0107<\/p>\n<p style=\"text-align: right;\">Tajnica Nada Donkovi\u0107<\/p>\n<p>[\/et_pb_text][et_pb_gallery _builder_version=&#8221;4.19.5&#8243; _module_preset=&#8221;default&#8221; theme_builder_area=&#8221;post_content&#8221; gallery_ids=&#8221;4556,4557,4558,4559,4560,4561,4562,4563,4564,4565,4566,4567,4568,4569&#8243; posts_number=&#8221;14&#8243; show_title_and_caption=&#8221;off&#8221; hover_enabled=&#8221;0&#8243; sticky_enabled=&#8221;0&#8243;][\/et_pb_gallery][\/et_pb_column][\/et_pb_row][\/et_pb_section]<\/p>\n","protected":false},"excerpt":{"rendered":"<p>U nedjelju 10. o\u017eujka 2019.g. \u010detvoro beli\u0161\u0107anskih planinara se uputilo u Po\u017eegu na kako su ga tamo nazvali \u201eObiteljski izlet\u201c povodom\u00a0 Dana grada Po\u017eege. U Po\u017eegi su ih do\u010dekali planinarski doma\u0107ini HPD \u201eGojzerica\u201c kod Gradske ku\u0107e, te ih po\u010dastili tradicionalnim planinarskim doru\u010dkom ( klruh s masti i pekmezom uz topli \u010daj). Oko 10 sati , [&hellip;]<\/p>\n","protected":false},"author":1,"featured_media":0,"comment_status":"closed","ping_status":"open","sticky":false,"template":"","format":"standard","meta":{"_et_pb_use_builder":"on","_et_pb_old_content":"","_et_gb_content_width":"1080","footnotes":""},"categories":[33],"tags":[],"class_list":["post-4554","post","type-post","status-publish","format-standard","hentry","category-33"],"_links":{"self":[{"href":"https:\/\/www.slavonski-planinari.hr\/arhiva\/wp-json\/wp\/v2\/posts\/4554","targetHints":{"allow":["GET"]}}],"collection":[{"href":"https:\/\/www.slavonski-planinari.hr\/arhiva\/wp-json\/wp\/v2\/posts"}],"about":[{"href":"https:\/\/www.slavonski-planinari.hr\/arhiva\/wp-json\/wp\/v2\/types\/post"}],"author":[{"embeddable":true,"href":"https:\/\/www.slavonski-planinari.hr\/arhiva\/wp-json\/wp\/v2\/users\/1"}],"replies":[{"embeddable":true,"href":"https:\/\/www.slavonski-planinari.hr\/arhiva\/wp-json\/wp\/v2\/comments?post=4554"}],"version-history":[{"count":0,"href":"https:\/\/www.slavonski-planinari.hr\/arhiva\/wp-json\/wp\/v2\/posts\/4554\/revisions"}],"wp:attachment":[{"href":"https:\/\/www.slavonski-planinari.hr\/arhiva\/wp-json\/wp\/v2\/media?parent=4554"}],"wp:term":[{"taxonomy":"category","embeddable":true,"href":"https:\/\/www.slavonski-planinari.hr\/arhiva\/wp-json\/wp\/v2\/categories?post=4554"},{"taxonomy":"post_tag","embeddable":true,"href":"https:\/\/www.slavonski-planinari.hr\/arhiva\/wp-json\/wp\/v2\/tags?post=4554"}],"curies":[{"name":"wp","href":"https:\/\/api.w.org\/{rel}","templated":true}]}}