{"id":4549,"date":"2019-03-09T13:54:00","date_gmt":"2019-03-09T12:54:00","guid":{"rendered":"https:\/\/www.slavonski-planinari.hr\/arhiva\/?p=4549"},"modified":"2023-01-27T13:56:43","modified_gmt":"2023-01-27T12:56:43","slug":"promocija-knjige-u-zagrljaju-planina-i-ljudi","status":"publish","type":"post","link":"https:\/\/www.slavonski-planinari.hr\/arhiva\/promocija-knjige-u-zagrljaju-planina-i-ljudi\/","title":{"rendered":"Promocija knjige \u201cU zagrljaju planina i ljudi"},"content":{"rendered":"<p>[et_pb_section fb_built=&#8221;1&#8243; theme_builder_area=&#8221;post_content&#8221; _builder_version=&#8221;4.19.5&#8243; _module_preset=&#8221;default&#8221;][et_pb_row _builder_version=&#8221;4.19.5&#8243; _module_preset=&#8221;default&#8221; theme_builder_area=&#8221;post_content&#8221;][et_pb_column _builder_version=&#8221;4.19.5&#8243; _module_preset=&#8221;default&#8221; type=&#8221;4_4&#8243; theme_builder_area=&#8221;post_content&#8221;][et_pb_text _builder_version=&#8221;4.19.5&#8243; _module_preset=&#8221;default&#8221; theme_builder_area=&#8221;post_content&#8221; hover_enabled=&#8221;0&#8243; sticky_enabled=&#8221;0&#8243;]<\/p>\n<div class=\"itemIntroText\">\n<p style=\"text-align: justify;\"><img loading=\"lazy\" decoding=\"async\" src=\"https:\/\/www.slavonski-planinari.hr\/arhiva\/wp-content\/uploads\/2023\/01\/U-zagrljaju-planina-i-ljudi-16.jpeg\" width=\"129\" height=\"97\" alt=\"\" class=\"wp-image-4552 alignleft size-full\" \/>&#8220;Planinarsko dru\u0161tvo \u201eKrndija\u201c Na\u0161ice i Obitelj Tro\u0161elj ju\u010der su u Gradskoj vije\u0107nici odr\u017eali promociju knjige Ivana Drage Tro\u0161elja \u201eU zagrljaju planina i ljudi\u201c.<\/p>\n<\/div>\n<div class=\"itemFullText\">\n<p style=\"text-align: justify;\">Predsjednik planinarskog dru\u0161tva Hrvoje Tr\u017ei\u0107 pozdravio je publiku, predstavio sve goste te se zahvalio svima koji su pomogli u tiskanju knjige.<\/p>\n<p style=\"text-align: justify;\">O knjizi i Dragi Tro\u0161elju govorili su i mnogi njegovi prijatelji: Antun Lovri\u0107 \u2013 urednik knjige, \u0110or\u0111e Bali\u0107 \u2013 nekada\u0161nji tajnik Udruge Slavonski planinari, na\u0161i\u010dki planinari Miljenko Balokovi\u0107 i Slavko \u017dagar.<\/p>\n<p style=\"text-align: justify;\">Svi su istaknuli njegov rad u kulturnoj i dru\u0161tvenoj sferi, a najvi\u0161e planinarstvu. Naglasili su i njegov anga\u017eman na obnovi planinarskog skloni\u0161ta \u0160ugarske dulibe, poticanje inozemnih putovanja, planinarsku fotografiju, uspon na Ararat i pisanje o Papuku i Krndiji te pisanje za Hrvatski planinar.<\/p>\n<p style=\"text-align: justify;\"><img loading=\"lazy\" decoding=\"async\" src=\"https:\/\/www.slavonski-planinari.hr\/arhiva\/wp-content\/uploads\/2023\/01\/U-zagrljaju-planina-i-ljudi-14.jpeg\" width=\"600\" height=\"450\" alt=\"\" class=\"wp-image-4551 aligncenter size-full\" srcset=\"https:\/\/www.slavonski-planinari.hr\/arhiva\/wp-content\/uploads\/2023\/01\/U-zagrljaju-planina-i-ljudi-14.jpeg 600w, https:\/\/www.slavonski-planinari.hr\/arhiva\/wp-content\/uploads\/2023\/01\/U-zagrljaju-planina-i-ljudi-14-480x360.jpeg 480w\" sizes=\"(min-width: 0px) and (max-width: 480px) 480px, (min-width: 481px) 600px, 100vw\" \/><\/p>\n<p style=\"text-align: justify;\">Nazo\u010dni su bili i gradona\u010delnik Josip Mileti\u0107 i dogradona\u010delnik Kre\u0161imir \u017dagar, a gradona\u010delnik je pozdravio sve goste te naglasio kako Grad podr\u017eava planinare te izdavanje knjige. Ulomke iz knjige \u010ditala je profesorica Hrvatskog jezika i knji\u017eevnosti Leopoldina Mijatovi\u0107 i u\u010denice Dramskog odgoja Ida Raich i Lara Kne\u017eevi\u0107. Dragin sin Mario Tro\u0161elj na kraju se zahvalio svima koji su sudjelovali u promociji i u bu\u0111enju lijepih uspomena.<\/p>\n<p style=\"text-align: justify;\">Knjiga \u201cU zagrljaju planina i ljudi\u201d objavljena je posthumno prema zapisima s planinarskih pohoda Ivana Drage Tro\u0161elja, a zapise je uredio i nadopunio Antun Lovri\u0107.&#8221;<\/p>\n<p style=\"text-align: right;\">Tekst i foto: www.radionasice.hr, Ninoslava Pavlus<\/p>\n<\/div>\n<p>[\/et_pb_text][\/et_pb_column][\/et_pb_row][\/et_pb_section]<\/p>\n","protected":false},"excerpt":{"rendered":"<p>&#8220;Planinarsko dru\u0161tvo \u201eKrndija\u201c Na\u0161ice i Obitelj Tro\u0161elj ju\u010der su u Gradskoj vije\u0107nici odr\u017eali promociju knjige Ivana Drage Tro\u0161elja \u201eU zagrljaju planina i ljudi\u201c. Predsjednik planinarskog dru\u0161tva Hrvoje Tr\u017ei\u0107 pozdravio je publiku, predstavio sve goste te se zahvalio svima koji su pomogli u tiskanju knjige. O knjizi i Dragi Tro\u0161elju govorili su i mnogi njegovi prijatelji: [&hellip;]<\/p>\n","protected":false},"author":1,"featured_media":0,"comment_status":"closed","ping_status":"open","sticky":false,"template":"","format":"standard","meta":{"_et_pb_use_builder":"on","_et_pb_old_content":"","_et_gb_content_width":"1080","footnotes":""},"categories":[33],"tags":[],"class_list":["post-4549","post","type-post","status-publish","format-standard","hentry","category-33"],"_links":{"self":[{"href":"https:\/\/www.slavonski-planinari.hr\/arhiva\/wp-json\/wp\/v2\/posts\/4549","targetHints":{"allow":["GET"]}}],"collection":[{"href":"https:\/\/www.slavonski-planinari.hr\/arhiva\/wp-json\/wp\/v2\/posts"}],"about":[{"href":"https:\/\/www.slavonski-planinari.hr\/arhiva\/wp-json\/wp\/v2\/types\/post"}],"author":[{"embeddable":true,"href":"https:\/\/www.slavonski-planinari.hr\/arhiva\/wp-json\/wp\/v2\/users\/1"}],"replies":[{"embeddable":true,"href":"https:\/\/www.slavonski-planinari.hr\/arhiva\/wp-json\/wp\/v2\/comments?post=4549"}],"version-history":[{"count":0,"href":"https:\/\/www.slavonski-planinari.hr\/arhiva\/wp-json\/wp\/v2\/posts\/4549\/revisions"}],"wp:attachment":[{"href":"https:\/\/www.slavonski-planinari.hr\/arhiva\/wp-json\/wp\/v2\/media?parent=4549"}],"wp:term":[{"taxonomy":"category","embeddable":true,"href":"https:\/\/www.slavonski-planinari.hr\/arhiva\/wp-json\/wp\/v2\/categories?post=4549"},{"taxonomy":"post_tag","embeddable":true,"href":"https:\/\/www.slavonski-planinari.hr\/arhiva\/wp-json\/wp\/v2\/tags?post=4549"}],"curies":[{"name":"wp","href":"https:\/\/api.w.org\/{rel}","templated":true}]}}