{"id":4544,"date":"2019-03-07T13:42:00","date_gmt":"2019-03-07T12:42:00","guid":{"rendered":"https:\/\/www.slavonski-planinari.hr\/arhiva\/?p=4544"},"modified":"2023-01-27T13:54:26","modified_gmt":"2023-01-27T12:54:26","slug":"na-prijemu-kod-zupana","status":"publish","type":"post","link":"https:\/\/www.slavonski-planinari.hr\/arhiva\/na-prijemu-kod-zupana\/","title":{"rendered":"Na prijemu kod \u017eupana"},"content":{"rendered":"<p>[et_pb_section fb_built=&#8221;1&#8243; theme_builder_area=&#8221;post_content&#8221; _builder_version=&#8221;4.19.5&#8243; _module_preset=&#8221;default&#8221;][et_pb_row _builder_version=&#8221;4.19.5&#8243; _module_preset=&#8221;default&#8221; theme_builder_area=&#8221;post_content&#8221;][et_pb_column _builder_version=&#8221;4.19.5&#8243; _module_preset=&#8221;default&#8221; type=&#8221;4_4&#8243; theme_builder_area=&#8221;post_content&#8221;][et_pb_text _builder_version=&#8221;4.19.5&#8243; _module_preset=&#8221;default&#8221; theme_builder_area=&#8221;post_content&#8221; hover_enabled=&#8221;0&#8243; sticky_enabled=&#8221;0&#8243;]<\/p>\n<div class=\"itemIntroText\">\n<p style=\"text-align: justify;\"><img loading=\"lazy\" decoding=\"async\" src=\"https:\/\/www.slavonski-planinari.hr\/arhiva\/wp-content\/uploads\/2023\/01\/vpz1.jpg\" width=\"114\" height=\"76\" alt=\"\" class=\"wp-image-4546 alignleft size-full\" \/>Povodom Me\u0111unarodnog dana planinara, \u010dlan Upravnog odbora Udruge &#8220;Slavonski planinari&#8221;, Mario Ripli, ujedno i tajnik Hrvatskog planinarskog dru\u0161tva &#8220;Papuk&#8221; iz Virovitice, upoznao je \u017eupana Viroviti\u010dko-podravske \u017eupanije, Igora Androvi\u0107a, o radu Udruge na podru\u010dju Slavonije, Baranje i Zapadnog Srijema, a osobito o radu na podru\u010dju ove \u017eupanije.<\/p>\n<p style=\"text-align: justify;\">\n<\/div>\n<div class=\"itemFullText\">\n<p style=\"text-align: justify;\">Ovom prigodom je ispred Udruge planinarskih udruga Slavonije izrazio spremnost i \u017eelju te va\u017enost zajedni\u010dkog nastupa Slavonije i ove \u017dupanije prema ostalim dijelovima RH i EU u svim podru\u010djima pa i u planinarstvu te \u017eelju za sudjelovanjem u projektima koje koordinira \u017eupanija.<\/p>\n<p style=\"text-align: justify;\"><img loading=\"lazy\" decoding=\"async\" src=\"https:\/\/www.slavonski-planinari.hr\/arhiva\/wp-content\/uploads\/2023\/01\/vpz2.jpg\" width=\"600\" height=\"400\" alt=\"\" class=\"wp-image-4547 aligncenter size-full\" srcset=\"https:\/\/www.slavonski-planinari.hr\/arhiva\/wp-content\/uploads\/2023\/01\/vpz2.jpg 600w, https:\/\/www.slavonski-planinari.hr\/arhiva\/wp-content\/uploads\/2023\/01\/vpz2-480x320.jpg 480w\" sizes=\"(min-width: 0px) and (max-width: 480px) 480px, (min-width: 481px) 600px, 100vw\" \/><\/p>\n<\/div>\n<p>[\/et_pb_text][\/et_pb_column][\/et_pb_row][\/et_pb_section]<\/p>\n","protected":false},"excerpt":{"rendered":"<p>Povodom Me\u0111unarodnog dana planinara, \u010dlan Upravnog odbora Udruge &#8220;Slavonski planinari&#8221;, Mario Ripli, ujedno i tajnik Hrvatskog planinarskog dru\u0161tva &#8220;Papuk&#8221; iz Virovitice, upoznao je \u017eupana Viroviti\u010dko-podravske \u017eupanije, Igora Androvi\u0107a, o radu Udruge na podru\u010dju Slavonije, Baranje i Zapadnog Srijema, a osobito o radu na podru\u010dju ove \u017eupanije. Ovom prigodom je ispred Udruge planinarskih udruga Slavonije izrazio [&hellip;]<\/p>\n","protected":false},"author":1,"featured_media":0,"comment_status":"closed","ping_status":"open","sticky":false,"template":"","format":"standard","meta":{"_et_pb_use_builder":"on","_et_pb_old_content":"","_et_gb_content_width":"1080","footnotes":""},"categories":[33],"tags":[],"class_list":["post-4544","post","type-post","status-publish","format-standard","hentry","category-33"],"_links":{"self":[{"href":"https:\/\/www.slavonski-planinari.hr\/arhiva\/wp-json\/wp\/v2\/posts\/4544","targetHints":{"allow":["GET"]}}],"collection":[{"href":"https:\/\/www.slavonski-planinari.hr\/arhiva\/wp-json\/wp\/v2\/posts"}],"about":[{"href":"https:\/\/www.slavonski-planinari.hr\/arhiva\/wp-json\/wp\/v2\/types\/post"}],"author":[{"embeddable":true,"href":"https:\/\/www.slavonski-planinari.hr\/arhiva\/wp-json\/wp\/v2\/users\/1"}],"replies":[{"embeddable":true,"href":"https:\/\/www.slavonski-planinari.hr\/arhiva\/wp-json\/wp\/v2\/comments?post=4544"}],"version-history":[{"count":0,"href":"https:\/\/www.slavonski-planinari.hr\/arhiva\/wp-json\/wp\/v2\/posts\/4544\/revisions"}],"wp:attachment":[{"href":"https:\/\/www.slavonski-planinari.hr\/arhiva\/wp-json\/wp\/v2\/media?parent=4544"}],"wp:term":[{"taxonomy":"category","embeddable":true,"href":"https:\/\/www.slavonski-planinari.hr\/arhiva\/wp-json\/wp\/v2\/categories?post=4544"},{"taxonomy":"post_tag","embeddable":true,"href":"https:\/\/www.slavonski-planinari.hr\/arhiva\/wp-json\/wp\/v2\/tags?post=4544"}],"curies":[{"name":"wp","href":"https:\/\/api.w.org\/{rel}","templated":true}]}}