{"id":4523,"date":"2019-02-28T13:36:00","date_gmt":"2019-02-28T12:36:00","guid":{"rendered":"https:\/\/www.slavonski-planinari.hr\/arhiva\/?p=4523"},"modified":"2023-01-27T13:38:40","modified_gmt":"2023-01-27T12:38:40","slug":"poziv-na-izbornu-skupstinu-i-vjezbu-spv-slavonija","status":"publish","type":"post","link":"https:\/\/www.slavonski-planinari.hr\/arhiva\/poziv-na-izbornu-skupstinu-i-vjezbu-spv-slavonija\/","title":{"rendered":"Poziv na izbornu skup\u0161tinu i vje\u017ebu SPV Slavonija"},"content":{"rendered":"<p>[et_pb_section fb_built=&#8221;1&#8243; theme_builder_area=&#8221;post_content&#8221; _builder_version=&#8221;4.19.5&#8243; _module_preset=&#8221;default&#8221; custom_padding=&#8221;||409px|||&#8221;][et_pb_row _builder_version=&#8221;4.19.5&#8243; _module_preset=&#8221;default&#8221; theme_builder_area=&#8221;post_content&#8221;][et_pb_column _builder_version=&#8221;4.19.5&#8243; _module_preset=&#8221;default&#8221; type=&#8221;4_4&#8243; theme_builder_area=&#8221;post_content&#8221;][et_pb_text _builder_version=&#8221;4.19.5&#8243; _module_preset=&#8221;default&#8221; theme_builder_area=&#8221;post_content&#8221; hover_enabled=&#8221;0&#8243; sticky_enabled=&#8221;0&#8243;]<\/p>\n<div class=\"itemIntroText\">\n<p><img loading=\"lazy\" decoding=\"async\" src=\"https:\/\/www.slavonski-planinari.hr\/arhiva\/wp-content\/uploads\/2023\/01\/vodicka-sluzba.jpg\" width=\"116\" height=\"116\" alt=\"\" class=\"wp-image-4241 alignleft size-full\" srcset=\"https:\/\/www.slavonski-planinari.hr\/arhiva\/wp-content\/uploads\/2023\/01\/vodicka-sluzba.jpg 160w, https:\/\/www.slavonski-planinari.hr\/arhiva\/wp-content\/uploads\/2023\/01\/vodicka-sluzba-150x150.jpg 150w\" sizes=\"(max-width: 116px) 100vw, 116px\" \/>Pozivamo vas na vje\u017ebu Stanice i izbornu skup\u0161tinu u nedjelju 10.03.2019. u planinarskom domu \u0110uro Pilar u Slavonskom Brodu.<\/p>\n<\/div>\n<div class=\"itemFullText\">\n<p>Vje\u017eba zapo\u010dinje u 09.00h. Radit \u0107e se vje\u017ebe primjene \u010dvorova, orijentacije i vo\u0111enja.<\/p>\n<p>Nakon vje\u017ebe je predvi\u0111en ru\u010dak (\u010dobanac), cijena cca 30kn. Molim vas da se izjasnite tko \u017eeli jesti da znamo javiti broj.<\/p>\n<p>Nakon ru\u010dka \u0107e biti izborna skup\u0161tina Stanice.<\/p>\n<p style=\"text-align: right;\">Pozdrav,<br \/>Mario Peri\u0107, tajnik<\/p>\n<\/div>\n<p>[\/et_pb_text][\/et_pb_column][\/et_pb_row][\/et_pb_section]<\/p>\n","protected":false},"excerpt":{"rendered":"<p>Pozivamo vas na vje\u017ebu Stanice i izbornu skup\u0161tinu u nedjelju 10.03.2019. u planinarskom domu \u0110uro Pilar u Slavonskom Brodu. Vje\u017eba zapo\u010dinje u 09.00h. Radit \u0107e se vje\u017ebe primjene \u010dvorova, orijentacije i vo\u0111enja. Nakon vje\u017ebe je predvi\u0111en ru\u010dak (\u010dobanac), cijena cca 30kn. Molim vas da se izjasnite tko \u017eeli jesti da znamo javiti broj. Nakon ru\u010dka [&hellip;]<\/p>\n","protected":false},"author":1,"featured_media":0,"comment_status":"closed","ping_status":"open","sticky":false,"template":"","format":"standard","meta":{"_et_pb_use_builder":"on","_et_pb_old_content":"","_et_gb_content_width":"1080","footnotes":""},"categories":[33],"tags":[],"class_list":["post-4523","post","type-post","status-publish","format-standard","hentry","category-33"],"_links":{"self":[{"href":"https:\/\/www.slavonski-planinari.hr\/arhiva\/wp-json\/wp\/v2\/posts\/4523","targetHints":{"allow":["GET"]}}],"collection":[{"href":"https:\/\/www.slavonski-planinari.hr\/arhiva\/wp-json\/wp\/v2\/posts"}],"about":[{"href":"https:\/\/www.slavonski-planinari.hr\/arhiva\/wp-json\/wp\/v2\/types\/post"}],"author":[{"embeddable":true,"href":"https:\/\/www.slavonski-planinari.hr\/arhiva\/wp-json\/wp\/v2\/users\/1"}],"replies":[{"embeddable":true,"href":"https:\/\/www.slavonski-planinari.hr\/arhiva\/wp-json\/wp\/v2\/comments?post=4523"}],"version-history":[{"count":0,"href":"https:\/\/www.slavonski-planinari.hr\/arhiva\/wp-json\/wp\/v2\/posts\/4523\/revisions"}],"wp:attachment":[{"href":"https:\/\/www.slavonski-planinari.hr\/arhiva\/wp-json\/wp\/v2\/media?parent=4523"}],"wp:term":[{"taxonomy":"category","embeddable":true,"href":"https:\/\/www.slavonski-planinari.hr\/arhiva\/wp-json\/wp\/v2\/categories?post=4523"},{"taxonomy":"post_tag","embeddable":true,"href":"https:\/\/www.slavonski-planinari.hr\/arhiva\/wp-json\/wp\/v2\/tags?post=4523"}],"curies":[{"name":"wp","href":"https:\/\/api.w.org\/{rel}","templated":true}]}}