{"id":4517,"date":"2019-02-27T13:31:00","date_gmt":"2019-02-27T12:31:00","guid":{"rendered":"https:\/\/www.slavonski-planinari.hr\/arhiva\/?p=4517"},"modified":"2023-01-27T13:34:05","modified_gmt":"2023-01-27T12:34:05","slug":"pocela-adaptacija-novog-prostora-za-pl-kucu-krndija-u-londzici","status":"publish","type":"post","link":"https:\/\/www.slavonski-planinari.hr\/arhiva\/pocela-adaptacija-novog-prostora-za-pl-kucu-krndija-u-londzici\/","title":{"rendered":"Po\u010dela adaptacija novog prostora za pl. ku\u0107u \u201eKrndija\u201c u Lond\u017eici"},"content":{"rendered":"<p>[et_pb_section fb_built=&#8221;1&#8243; theme_builder_area=&#8221;post_content&#8221; _builder_version=&#8221;4.19.5&#8243; _module_preset=&#8221;default&#8221;][et_pb_row _builder_version=&#8221;4.19.5&#8243; _module_preset=&#8221;default&#8221; theme_builder_area=&#8221;post_content&#8221;][et_pb_column _builder_version=&#8221;4.19.5&#8243; _module_preset=&#8221;default&#8221; type=&#8221;4_4&#8243; theme_builder_area=&#8221;post_content&#8221;][et_pb_text _builder_version=&#8221;4.19.5&#8243; _module_preset=&#8221;default&#8221; theme_builder_area=&#8221;post_content&#8221; hover_enabled=&#8221;0&#8243; sticky_enabled=&#8221;0&#8243;]<\/p>\n<div class=\"itemIntroText\">\n<p style=\"text-align: justify;\"><img loading=\"lazy\" decoding=\"async\" src=\"https:\/\/www.slavonski-planinari.hr\/arhiva\/wp-content\/uploads\/2023\/01\/radovi1.jpg\" width=\"170\" height=\"128\" alt=\"\" class=\"wp-image-4519 alignleft size-full\" \/>Ljudi sve vi\u0161e imaju potrebu odlaziti na tiha i skrovita mjesta koja su udaljena od civilizacije, buke, stresa i gradske gu\u017eve. Netaknuta priroda nam nudi odmor za du\u0161u i tijelo i okrijepu za sva na\u0161a osjetila.<\/p>\n<\/div>\n<div class=\"itemFullText\">\n<p style=\"text-align: justify;\">U malom selu Lond\u017eici, udaljenoj svega 10- ak km od Na\u0161ica, na obrnocima Krndije, nalazi se oaza mira za svakoga putnika namjernika, a to su \u0161ume i ljepote pitome planine Krndije.<\/p>\n<p style=\"text-align: justify;\">Upravo u Lond\u017eici, pro\u0161log vikenda po\u010dela je adaptacija novog i adekvatnijeg prostora za planinarsku ku\u0107u \u201eKrndija\u201c koju ure\u0111uju \u010dlanovi Planinarskog dru\u0161tva \u201eKrndija\u201c Na\u0161ice. Pro\u0161li vikedn 10 \u010dlanova dru\u0161tva vrijedno i marljivo su o\u010distili tavan, orezali vo\u0107ke i uredili okoli\u0161 oko ku\u0107e. To je bila ujedno prva radna akcija u nizu mnogih koje \u0107e uslijediti kako bi se prostor kvalitetno pripremo za kori\u0161tenje. Cilj ove adaptacije je dobiti prostor u netaknutoj prirodi kakav Na\u0161ice i zaslu\u017euje i koji \u0107e slu\u017eiti kao ishodi\u0161te te odmori\u0161te za ,mnoge planinare, izletnike, turiste i putnike namjernike. Cilj je prvenstveno da Na\u0161i\u010dani to prepoznaju i odaberu Lon\u017eicu i okolne planinarske putove za mjesto odmora, u\u017eivanja i opu\u0161tanja.<\/p>\n<p style=\"text-align: justify;\"><img loading=\"lazy\" decoding=\"async\" src=\"https:\/\/www.slavonski-planinari.hr\/arhiva\/wp-content\/uploads\/2023\/01\/radovi2.jpg\" width=\"600\" height=\"450\" alt=\"\" class=\"wp-image-4520 aligncenter size-full\" srcset=\"https:\/\/www.slavonski-planinari.hr\/arhiva\/wp-content\/uploads\/2023\/01\/radovi2.jpg 600w, https:\/\/www.slavonski-planinari.hr\/arhiva\/wp-content\/uploads\/2023\/01\/radovi2-480x360.jpg 480w\" sizes=\"(min-width: 0px) and (max-width: 480px) 480px, (min-width: 481px) 600px, 100vw\" \/><\/p>\n<p style=\"text-align: justify;\">Objekt \u0107e slu\u017eiti za no\u0107enje te mogu\u0107nost kori\u0161tenja hrane i pi\u0107a za najavljene goste. Osim \u201eNa\u0161i\u010dkog planinarskog puta\u201c i obilaznice \u201eTragom prvog izleta na\u0161i\u010dkih planinara\u201c, ovdje se nalazi dio Slavonskog planinarskog puta, najdu\u017ee i nastarije hrvatske planinarske obilaznice koja je duga vi\u0161e od 300 km i povezuje sve slavonske planine: Krndiju, Papuk, Psunj, Po\u017ee\u0161ku goru i Dilj goru. To je veliki turisti\u010dki potencijal kakav krije na\u0161i\u010dki kraj i planina Krndija. Planinarstvo u sebi ima vrlo izra\u017eenu turisti\u010dku komponentu koja uklju\u010duje prirodnu, sportsku. kulturno- povijesnu te geolo\u0161ku ba\u0161tinu kakva se na Krndiji i nalazi. \u010ceka nas jo\u0161 puno radova, ali nadamo se da \u0107e mnogi inozemni, ali i doma\u0107i turisti to prepoznati, pogotovo nakon zavr\u0161etka vrijednog europskog projekta obnove \u201eNa\u0161i\u010dke geolo\u0161ke staze\u201c kojeg su tako\u0111er na\u0161i\u010dki planinari pokenuli nedavno.<\/p>\n<p style=\"text-align: justify;\"><img loading=\"lazy\" decoding=\"async\" src=\"https:\/\/www.slavonski-planinari.hr\/arhiva\/wp-content\/uploads\/2023\/01\/radovi3.jpg\" width=\"600\" height=\"450\" alt=\"\" class=\"wp-image-4521 aligncenter size-full\" srcset=\"https:\/\/www.slavonski-planinari.hr\/arhiva\/wp-content\/uploads\/2023\/01\/radovi3.jpg 600w, https:\/\/www.slavonski-planinari.hr\/arhiva\/wp-content\/uploads\/2023\/01\/radovi3-480x360.jpg 480w\" sizes=\"(min-width: 0px) and (max-width: 480px) 480px, (min-width: 481px) 600px, 100vw\" \/><\/p>\n<p style=\"text-align: justify;\">Ne zaboravimo da je su Grad Na\u0161ice i PD Krndija doma\u0107ini \u201eDana hrvatskih planinara\u201c 2022. godine \u0161to je velika \u010dast i obveza svima kako bismo na\u0161 grad prezentirali na \u0161to bolji na\u010din i afirmirali veliki ruristi\u010dki potencijal uop\u0107e, a posebice planinskog turizma.<\/p>\n<p style=\"text-align: right;\">Hrvoje Tr\u017ei\u0107,<br \/>predsjednik PD \u201eKrndija\u201c Na\u0161ice<\/p>\n<\/div>\n<p>[\/et_pb_text][\/et_pb_column][\/et_pb_row][\/et_pb_section]<\/p>\n","protected":false},"excerpt":{"rendered":"<p>Ljudi sve vi\u0161e imaju potrebu odlaziti na tiha i skrovita mjesta koja su udaljena od civilizacije, buke, stresa i gradske gu\u017eve. Netaknuta priroda nam nudi odmor za du\u0161u i tijelo i okrijepu za sva na\u0161a osjetila. U malom selu Lond\u017eici, udaljenoj svega 10- ak km od Na\u0161ica, na obrnocima Krndije, nalazi se oaza mira za [&hellip;]<\/p>\n","protected":false},"author":1,"featured_media":0,"comment_status":"closed","ping_status":"open","sticky":false,"template":"","format":"standard","meta":{"_et_pb_use_builder":"on","_et_pb_old_content":"","_et_gb_content_width":"1080","footnotes":""},"categories":[33],"tags":[],"class_list":["post-4517","post","type-post","status-publish","format-standard","hentry","category-33"],"_links":{"self":[{"href":"https:\/\/www.slavonski-planinari.hr\/arhiva\/wp-json\/wp\/v2\/posts\/4517","targetHints":{"allow":["GET"]}}],"collection":[{"href":"https:\/\/www.slavonski-planinari.hr\/arhiva\/wp-json\/wp\/v2\/posts"}],"about":[{"href":"https:\/\/www.slavonski-planinari.hr\/arhiva\/wp-json\/wp\/v2\/types\/post"}],"author":[{"embeddable":true,"href":"https:\/\/www.slavonski-planinari.hr\/arhiva\/wp-json\/wp\/v2\/users\/1"}],"replies":[{"embeddable":true,"href":"https:\/\/www.slavonski-planinari.hr\/arhiva\/wp-json\/wp\/v2\/comments?post=4517"}],"version-history":[{"count":0,"href":"https:\/\/www.slavonski-planinari.hr\/arhiva\/wp-json\/wp\/v2\/posts\/4517\/revisions"}],"wp:attachment":[{"href":"https:\/\/www.slavonski-planinari.hr\/arhiva\/wp-json\/wp\/v2\/media?parent=4517"}],"wp:term":[{"taxonomy":"category","embeddable":true,"href":"https:\/\/www.slavonski-planinari.hr\/arhiva\/wp-json\/wp\/v2\/categories?post=4517"},{"taxonomy":"post_tag","embeddable":true,"href":"https:\/\/www.slavonski-planinari.hr\/arhiva\/wp-json\/wp\/v2\/tags?post=4517"}],"curies":[{"name":"wp","href":"https:\/\/api.w.org\/{rel}","templated":true}]}}