{"id":4491,"date":"2019-02-24T13:24:00","date_gmt":"2019-02-24T12:24:00","guid":{"rendered":"https:\/\/www.slavonski-planinari.hr\/arhiva\/?p=4491"},"modified":"2023-01-27T13:26:08","modified_gmt":"2023-01-27T12:26:08","slug":"godisnja-skupstina-u-znaku-25-obljetnice-osnutka-planinarskog-drustva-u-lipiku","status":"publish","type":"post","link":"https:\/\/www.slavonski-planinari.hr\/arhiva\/godisnja-skupstina-u-znaku-25-obljetnice-osnutka-planinarskog-drustva-u-lipiku\/","title":{"rendered":"Godi\u0161nja skup\u0161tina u znaku 25. obljetnice osnutka planinarskog dru\u0161tva u Lipiku"},"content":{"rendered":"<p>[et_pb_section fb_built=&#8221;1&#8243; theme_builder_area=&#8221;post_content&#8221; _builder_version=&#8221;4.19.5&#8243; _module_preset=&#8221;default&#8221;][et_pb_row _builder_version=&#8221;4.19.5&#8243; _module_preset=&#8221;default&#8221; theme_builder_area=&#8221;post_content&#8221;][et_pb_column _builder_version=&#8221;4.19.5&#8243; _module_preset=&#8221;default&#8221; type=&#8221;4_4&#8243; theme_builder_area=&#8221;post_content&#8221;][et_pb_text _builder_version=&#8221;4.19.5&#8243; _module_preset=&#8221;default&#8221; theme_builder_area=&#8221;post_content&#8221; hover_enabled=&#8221;0&#8243; sticky_enabled=&#8221;0&#8243;]<\/p>\n<div class=\"itemIntroText\">\n<p style=\"text-align: justify;\"><img loading=\"lazy\" decoding=\"async\" src=\"https:\/\/www.slavonski-planinari.hr\/arhiva\/wp-content\/uploads\/2023\/01\/lipa_lipik.jpg\" width=\"156\" height=\"108\" alt=\"\" class=\"wp-image-1469 alignleft size-full\" srcset=\"https:\/\/www.slavonski-planinari.hr\/arhiva\/wp-content\/uploads\/2023\/01\/lipa_lipik.jpg 309w, https:\/\/www.slavonski-planinari.hr\/arhiva\/wp-content\/uploads\/2023\/01\/lipa_lipik-300x208.jpg 300w\" sizes=\"(max-width: 156px) 100vw, 156px\" \/>U sve\u010danom zanosu jer \u0107e tijekom ove godine biti navr\u0161eno 25 godina od osnutka Planinarskog dru\u0161tva \u201eLipa\u201c iz Lipika je 22. velja\u010de 2019. godine u prostoru Multikulturalnog centra u Lipiku odr\u017eana je redovita godi\u0161nja izvje\u0161tajna skup\u0161tina uz prisutnost \u010dlana izvr\u0161nog odbora Hrvatskog planinarskog saveza Ede Bogovi\u0107a te predstavnika planinarskih dru\u0161tava iz Pakraca, Kutine Daruvara, Novske, Po\u017eege i Osijeka.<\/p>\n<p style=\"text-align: justify;\">\n<p style=\"text-align: justify;\">\n<\/div>\n<div class=\"itemFullText\">\n<p style=\"text-align: justify;\">Na samom po\u010detku skup\u0161tine sve nazo\u010dne je pozdravila predsjednica Manuela Lipu\u0161i\u0107, a zatim je tajnik \u017deljko Toma\u0161evi\u0107 ukratko prezentirao povijest Dru\u0161tva tijekom proteklih 25 godina.<\/p>\n<p style=\"text-align: justify;\">Tako je istaknuto da u Lipiku dugo nije bilo potrebe za osnivanjem planinarskog dru\u0161tva jer je sve planinare s podru\u010dja biv\u0161e Op\u0107ine Pakrac okupljalo Planinarsko dru\u0161tvo &#8220;Psunj&#8221; iz Pakraca. Me\u0111utim, za vrijeme rata Planinarski dom \u201eOmanovac\u201c nalazio se na okupiranom podru\u010dju, a ve\u0107ina \u010dlanova dru\u0161tva se nalazila u prognanstvu, tako da tih godina dru\u0161tvo nije radilo. U me\u0111uvremenu se Lipik administrativno odvojio od Pakraca pa je tako 19. svibnja 1994. osnovano i Planinarsko dru\u0161tvo &#8220;Lipa&#8221; u Lipiku. Za prvog predsjednika je izabran Josip \u0160uprina, nakon kojeg je na poziciju predsjednice do\u0161la Vlasta \u0160epetavec, te naposljetku aktualna predsjednica Manuela Lipu\u0161i\u0107. Prvi izlet organiziran je 5. lipnja 1994. na Jankovac, a ve\u0107 u mjesecu srpnju je desetero lipi\u010dkih planinara, zajedno s planinarima iz Daruvara, i\u0161lo u Slova\u010dku na Visoke Tatre, a idu\u0107e godine i u \u010ce\u0161ku na Krkono\u0161e.<\/p>\n<p style=\"text-align: justify;\">Me\u0111u najve\u0107e uspjehe dru\u0161tva u kratkoj povijesti izdvojeno je kakko se svake godine u lipnju organiziraju planinarski pohod &#8220;Lipanj u Lipiku&#8221;, a u listopadu pohod &#8220;Livadama oko Gaja&#8221;. 1995. godine organizirali su \u010di\u0161\u0107enje perivoja u Lipiku nakon ratnih razaranja u kojem je sudjelovalo oko 320 planinara. 2003. godine pomogli su oko izdavanja bro\u0161ure na 50 stranica anegdota s planinarskih dru\u017eenja autora Josipa \u0160uprine. Uredili su planinarsko skloni\u0161te \u201eTo\u010dkica\u201c te osmislili i uredili pou\u010dnu stazu \u201eTajne Psunja\u201c, a imaju i 10 \u010dlanova s bron\u010danom zna\u010dkom HPO (Hrvatska planinarska obilaznica), 7 \u010dlanova sa srebrnom zna\u010dkom i 3 \u010dlana sa zlatnom zna\u010dkom.<\/p>\n<p style=\"text-align: justify;\">Tijekom 2018. godine organizirali su vi\u0161e akcija na kojima je sudjelovalo 15-ak planinara, a ve\u0107ina se tih radnih akcija odvijala na ure\u0111enju planinarskih staza, skloni\u0161ta \u201eTo\u010dkica\u201c u Gagi\u0107u, njegovom okoli\u0161u, pristupnim putovima i izvoru To\u010dak, a dovr\u0161ili su i pou\u010dnu stazu &#8220;Tajne Psunja&#8221;, od Lipika do Gagi\u0107a. Tako\u0111er su i\u0161li i na brojne izlete i planinarske pohode po Hrvatskoj te Bosni i Hercegovini. Isto tako imaju izvrsnu suradnju sa susjednim planinarskim dru\u0161tvima.<\/p>\n<p style=\"text-align: justify;\">Tijekom 2019. godine planira se otvoriti Lipi\u010dka planinarska obilaznica koja bi imala prikladan dnevnik ili karton za utiskivanje \u017eigova na kontrolnim to\u010dkama te izraditi vidikovac iznad izvora To\u010dak u Gagi\u0107u.<\/p>\n<p style=\"text-align: justify;\">Ispred Hrvatskog planinarskog saveza \u010destitke i pohvale povodom nadolaze\u0107e 25. obljetnice osnutka dru\u0161tva uputio je \u010dlan izvr\u0161nog odbora Hrvatskog planinarskog saveza Edo Bogovi\u0107. Pohvale za dosada\u0161nje uspje\u0161no vo\u0111enje dru\u0161tva te \u010destitke vodstvu tako\u0111er su uputili brojni predstavnici i prijatelji iz planinarskih dru\u0161tava s podru\u010dja Slavonije. Ispred Udruge Slavonski planinari \u010destitke je uputio predsjednik Predrag Livak, koji je ujedno prenio \u010destitke ispred svog mati\u010dnog dru\u0161tva PD \u201eSokolovac\u201c iz Po\u017eege. U \u010destitarskom tonu su nastavili predstavnik PD \u201ePsunj\u201c iz Pakraca Stevo Nagy, predsjednica PD \u201eZmajevac\u201c iz Novske Melita Mihali\u0107, predstavnik PD \u201ePetrov vrh\u201c iz Daruvara Vladimir Soni\u010dki te predstavnici HPD &#8220;Br\u0161ljan &#8211; Jankovac&#8221; iz Osijeka i PD \u201eJelengrad\u201c iz Kutine koji se uru\u010dili i prigodne poklone. Ispred Grada Lipika \u010destitke povodom 25. obljetnice osnutka dru\u0161tva izrazio gradona\u010delnik Vinko Kasana te obe\u0107ao kako \u0107e Grad Lipik financirati izradu zastava s grbom dru\u0161tva.<\/p>\n<p style=\"text-align: justify;\">Lokalni kroni\u010dar novije povijesti Lipika Antun Haramija ovom se prigodom prisjetio svih onih koji su sudjelovali u osnivanju Planinarskog dru\u0161tva &#8220;Lipa&#8221; pa je tako podijelio fotografiju s prvog planinarskog izleta &#8220;Papu\u010dki jaglaci&#8221; iz 1994. godine na kojem su, izme\u0111u ostalih, uz njega, sudjelovali jo\u0161 i Josip \u0160uprina kao spiritus movens zatim Goran Nikles, Boris Ple\u0161a, Zvonko Pavlenjak te brojni drugi.<\/p>\n<p style=\"text-align: justify;\">Na to se nadovezala predsjednica Manuela Lipu\u0161i\u0107 pro\u010ditav\u0161i imena svih onih koji su \u010dlanovi Dru\u0161tva od samih po\u010detaka: Antun i Franciska Haramija, Oto i Nada Kraml, Josip i Dobrila \u0160uprina, Vlasta \u0160epetavec, Vesna Tomi\u0107, Gordana Kuruc, Goran Nikles, \u0110ur\u0111ica Skender, \u017deljko \u0160uprina te Maja i Mario \u010celec. Svima njima su podijeljene i zahvalnice, a priznanja su dobili i svi oni \u010dlanovi koji obilje\u017eavaju okrugle godine \u010dlanstva.<\/p>\n<p style=\"text-align: justify;\">Nakon skup\u0161tine dru\u017eenje dru\u017eenje se nastavilo na planinarski veseli na\u010din uz domjenak i neizostavnu zabavu u \u017eivu glazbu.<\/p>\n<\/div>\n<p>[\/et_pb_text][\/et_pb_column][\/et_pb_row][\/et_pb_section]<\/p>\n","protected":false},"excerpt":{"rendered":"<p>U sve\u010danom zanosu jer \u0107e tijekom ove godine biti navr\u0161eno 25 godina od osnutka Planinarskog dru\u0161tva \u201eLipa\u201c iz Lipika je 22. velja\u010de 2019. godine u prostoru Multikulturalnog centra u Lipiku odr\u017eana je redovita godi\u0161nja izvje\u0161tajna skup\u0161tina uz prisutnost \u010dlana izvr\u0161nog odbora Hrvatskog planinarskog saveza Ede Bogovi\u0107a te predstavnika planinarskih dru\u0161tava iz Pakraca, Kutine Daruvara, Novske, [&hellip;]<\/p>\n","protected":false},"author":1,"featured_media":0,"comment_status":"closed","ping_status":"open","sticky":false,"template":"","format":"standard","meta":{"_et_pb_use_builder":"on","_et_pb_old_content":"","_et_gb_content_width":"1080","footnotes":""},"categories":[33],"tags":[],"class_list":["post-4491","post","type-post","status-publish","format-standard","hentry","category-33"],"_links":{"self":[{"href":"https:\/\/www.slavonski-planinari.hr\/arhiva\/wp-json\/wp\/v2\/posts\/4491","targetHints":{"allow":["GET"]}}],"collection":[{"href":"https:\/\/www.slavonski-planinari.hr\/arhiva\/wp-json\/wp\/v2\/posts"}],"about":[{"href":"https:\/\/www.slavonski-planinari.hr\/arhiva\/wp-json\/wp\/v2\/types\/post"}],"author":[{"embeddable":true,"href":"https:\/\/www.slavonski-planinari.hr\/arhiva\/wp-json\/wp\/v2\/users\/1"}],"replies":[{"embeddable":true,"href":"https:\/\/www.slavonski-planinari.hr\/arhiva\/wp-json\/wp\/v2\/comments?post=4491"}],"version-history":[{"count":0,"href":"https:\/\/www.slavonski-planinari.hr\/arhiva\/wp-json\/wp\/v2\/posts\/4491\/revisions"}],"wp:attachment":[{"href":"https:\/\/www.slavonski-planinari.hr\/arhiva\/wp-json\/wp\/v2\/media?parent=4491"}],"wp:term":[{"taxonomy":"category","embeddable":true,"href":"https:\/\/www.slavonski-planinari.hr\/arhiva\/wp-json\/wp\/v2\/categories?post=4491"},{"taxonomy":"post_tag","embeddable":true,"href":"https:\/\/www.slavonski-planinari.hr\/arhiva\/wp-json\/wp\/v2\/tags?post=4491"}],"curies":[{"name":"wp","href":"https:\/\/api.w.org\/{rel}","templated":true}]}}