{"id":4486,"date":"2019-02-24T13:22:00","date_gmt":"2019-02-24T12:22:00","guid":{"rendered":"https:\/\/www.slavonski-planinari.hr\/arhiva\/?p=4486"},"modified":"2023-01-27T13:23:57","modified_gmt":"2023-01-27T12:23:57","slug":"predavanje-uspon-na-olimp","status":"publish","type":"post","link":"https:\/\/www.slavonski-planinari.hr\/arhiva\/predavanje-uspon-na-olimp\/","title":{"rendered":"Predavanje: Uspon na Olimp"},"content":{"rendered":"<p>[et_pb_section fb_built=&#8221;1&#8243; theme_builder_area=&#8221;post_content&#8221; _builder_version=&#8221;4.19.5&#8243; _module_preset=&#8221;default&#8221; custom_padding=&#8221;||366px|||&#8221;][et_pb_row _builder_version=&#8221;4.19.5&#8243; _module_preset=&#8221;default&#8221; theme_builder_area=&#8221;post_content&#8221;][et_pb_column _builder_version=&#8221;4.19.5&#8243; _module_preset=&#8221;default&#8221; type=&#8221;4_4&#8243; theme_builder_area=&#8221;post_content&#8221;][et_pb_text _builder_version=&#8221;4.19.5&#8243; _module_preset=&#8221;default&#8221; theme_builder_area=&#8221;post_content&#8221; hover_enabled=&#8221;0&#8243; sticky_enabled=&#8221;0&#8243;]<\/p>\n<div class=\"itemIntroText\">\n<p style=\"text-align: justify;\"><img loading=\"lazy\" decoding=\"async\" src=\"https:\/\/www.slavonski-planinari.hr\/arhiva\/wp-content\/uploads\/2023\/01\/predavanje-olimp2019.jpg\" width=\"170\" height=\"113\" alt=\"\" class=\"wp-image-4488 alignleft size-full\" \/>U nizu predavanja u velja\u010di HPD BR\u0160LJAN &#8211; JANKOVAC u srijedu 27.02.2019. s po\u010detkom u 18h, u prostorijama Gra\u0111evinskog i arhitektonskog fakulteta u Osijeku organizira predavanje na temu: Uspon na Olimp.<\/p>\n<\/div>\n<div class=\"itemFullText\">\n<p style=\"text-align: justify;\">Predava\u010d je Borivoje Veljkovi\u0107 PSD Po\u0161tar, Novi Sad.<\/p>\n<p style=\"text-align: justify;\">Kako ove godine organiziramo izlet na Olimp na koji su se prijavili i \u010dlanovi drugih planinarskih udruga \u010dlanica HPS svi zainteresirani su dobro do\u0161li.<\/p>\n<p style=\"text-align: justify;\">Gra\u0111evinski fakultet nalazi se u prostoru biv\u0161e vojarne nasuprot bolnice, a ulaz na parkirali\u0161te je iz Vukovarske ulice.<\/p>\n<p style=\"text-align: right;\">HPD BR\u0160LJAN &#8211; JANKOVAC<\/p>\n<\/div>\n<p>[\/et_pb_text][\/et_pb_column][\/et_pb_row][\/et_pb_section]<\/p>\n","protected":false},"excerpt":{"rendered":"<p>U nizu predavanja u velja\u010di HPD BR\u0160LJAN &#8211; JANKOVAC u srijedu 27.02.2019. s po\u010detkom u 18h, u prostorijama Gra\u0111evinskog i arhitektonskog fakulteta u Osijeku organizira predavanje na temu: Uspon na Olimp. Predava\u010d je Borivoje Veljkovi\u0107 PSD Po\u0161tar, Novi Sad. Kako ove godine organiziramo izlet na Olimp na koji su se prijavili i \u010dlanovi drugih planinarskih [&hellip;]<\/p>\n","protected":false},"author":1,"featured_media":0,"comment_status":"closed","ping_status":"open","sticky":false,"template":"","format":"standard","meta":{"_et_pb_use_builder":"on","_et_pb_old_content":"","_et_gb_content_width":"1080","footnotes":""},"categories":[33],"tags":[],"class_list":["post-4486","post","type-post","status-publish","format-standard","hentry","category-33"],"_links":{"self":[{"href":"https:\/\/www.slavonski-planinari.hr\/arhiva\/wp-json\/wp\/v2\/posts\/4486","targetHints":{"allow":["GET"]}}],"collection":[{"href":"https:\/\/www.slavonski-planinari.hr\/arhiva\/wp-json\/wp\/v2\/posts"}],"about":[{"href":"https:\/\/www.slavonski-planinari.hr\/arhiva\/wp-json\/wp\/v2\/types\/post"}],"author":[{"embeddable":true,"href":"https:\/\/www.slavonski-planinari.hr\/arhiva\/wp-json\/wp\/v2\/users\/1"}],"replies":[{"embeddable":true,"href":"https:\/\/www.slavonski-planinari.hr\/arhiva\/wp-json\/wp\/v2\/comments?post=4486"}],"version-history":[{"count":0,"href":"https:\/\/www.slavonski-planinari.hr\/arhiva\/wp-json\/wp\/v2\/posts\/4486\/revisions"}],"wp:attachment":[{"href":"https:\/\/www.slavonski-planinari.hr\/arhiva\/wp-json\/wp\/v2\/media?parent=4486"}],"wp:term":[{"taxonomy":"category","embeddable":true,"href":"https:\/\/www.slavonski-planinari.hr\/arhiva\/wp-json\/wp\/v2\/categories?post=4486"},{"taxonomy":"post_tag","embeddable":true,"href":"https:\/\/www.slavonski-planinari.hr\/arhiva\/wp-json\/wp\/v2\/tags?post=4486"}],"curies":[{"name":"wp","href":"https:\/\/api.w.org\/{rel}","templated":true}]}}