{"id":4469,"date":"2019-02-21T13:13:00","date_gmt":"2019-02-21T12:13:00","guid":{"rendered":"https:\/\/www.slavonski-planinari.hr\/arhiva\/?p=4469"},"modified":"2023-01-27T13:16:55","modified_gmt":"2023-01-27T12:16:55","slug":"vikend-pun-dogadanja-za-hpd-cibaliju-foto","status":"publish","type":"post","link":"https:\/\/www.slavonski-planinari.hr\/arhiva\/vikend-pun-dogadanja-za-hpd-cibaliju-foto\/","title":{"rendered":"Vikend pun doga\u0111anja za HPD Cibaliju [FOTO]"},"content":{"rendered":"<p>[et_pb_section fb_built=&#8221;1&#8243; theme_builder_area=&#8221;post_content&#8221; _builder_version=&#8221;4.19.5&#8243; _module_preset=&#8221;default&#8221;][et_pb_row _builder_version=&#8221;4.19.5&#8243; _module_preset=&#8221;default&#8221; theme_builder_area=&#8221;post_content&#8221;][et_pb_column _builder_version=&#8221;4.19.5&#8243; _module_preset=&#8221;default&#8221; type=&#8221;4_4&#8243; theme_builder_area=&#8221;post_content&#8221;][et_pb_text _builder_version=&#8221;4.19.5&#8243; _module_preset=&#8221;default&#8221; theme_builder_area=&#8221;post_content&#8221; hover_enabled=&#8221;0&#8243; sticky_enabled=&#8221;0&#8243;]<\/p>\n<p style=\"text-align: justify;\">U petak 15. velja\u010de zabavom Planinarski ruksak koja se odr\u017eavala na Pikovom stanu u organizaciji relativno mladog, a vrlo aktivnog dru\u0161tva je zapo\u010deo jo\u0161 jedan zanimljiv i pou\u010dan vikend za planinare i simpatizere HPD Cibalie Vinkovci.<\/p>\n<p style=\"text-align: justify;\">Na prijedlog rukovodstva dru\u0161tva uz podr\u0161ku \u010dlanova vrlo brzo se dogovorila zabava, mali povod je bilo i Valentinovo, uz tambura\u0161e, pjesmu, ples do\u010dekalo se jutro. Dojmovi se jo\u0161 nisu ni slegli, a ve\u0107 je do\u0161la nedjelja kada je bio organiziran odlazak u Srebrenik, Majevicu.<\/p>\n<p style=\"text-align: justify;\">Uz dvadesetak planinara HPD Cibalie pridru\u017eili su se i planinari iz novoosnovanog planinarskog dru\u0161tva HPD Liska Ilok i nazo\u010dili 11. susretu planinara \u201cPovelji u pohodu\u201d koji je organizirao PD Srebrenik.<\/p>\n<p style=\"text-align: justify;\">Pohod koji je po\u010deo laganom \u0161etnjom iz centra Srebrenika, kroz par zaselaka, Kuzumovi\u0107i i \u0106ojluk, gdje su do\u0161li do Starog grada Srebrenika, a tamo su od strane doma\u0107ina bili po\u010da\u0161\u0107eni poznatim bosanski pitama i burekom, kola\u010dima i \u010dajem.<\/p>\n<p style=\"text-align: justify;\">Nastavili su put kroz Gornji Srebrenik do planinarskog doma Lipici. Lagani uspon u trajanju od 9 kilometara i ukupnim usponom doveo ih je do doma na nadmorskoj visini od 730 metara. Lijepo vrijeme dovelo je na ovaj doga\u0111aj 1400 planinara iz vi\u0161e od 60 dru\u0161tava iz Hrvatske, Bosne i Hercegovine Slovenije i Srbije.<\/p>\n<p style=\"text-align: justify;\">Uz planinarenje nau\u010dili su ne\u0161to i o povijesti. Povodom 686 ro\u0111endana grada Srebrenika u povelji, u kojoj se prvi put spominje ime grada Srebrenika, ban Stjepan II Kotromani\u0107 prodao je Dubrova\u010dkoj Republici podru\u010dje Stona i Pelje\u0161ac. Tamo je tako\u0111er ro\u0111en ban Tvrtko Kotromani\u0107, koji je u 1377.godine u Visokom progla\u0161en prvim Bosanskim kraljem. U\u017eivali su u tradicionalnom planinarskom grahu, uz pjesmu i ples, dru\u017eenje s planinarima iz drugih dru\u0161tava koje je potrajalo do kasnih ve\u010dernjih sati, sve popra\u0107eno predivnim pogledom koji se pru\u017ea s doma na obronke Majevice.<\/p>\n<p style=\"text-align: justify;\">Za napomenuti je i da je 2.2.2019. u Vinkovcima po\u010dela Op\u0107a planinarska \u0161kola sa 29 polaznika, a u organizaciji Planinarskog saveza Vukovarsko-srijemska \u017eupanije i Hrvatsko Planinarsko Dru\u0161tvo Cibalia, koja \u0107e trajati do 7.4.2019. godine.<\/p>\n<p style=\"text-align: right;\">HPD CIBALIA<\/p>\n<p>[\/et_pb_text][et_pb_gallery _builder_version=&#8221;4.19.5&#8243; _module_preset=&#8221;default&#8221; theme_builder_area=&#8221;post_content&#8221; gallery_ids=&#8221;4474,4471,4472,4473,4475,4476,4477,4478,4479,4480,4481&#8243; posts_number=&#8221;11&#8243; show_title_and_caption=&#8221;off&#8221; hover_enabled=&#8221;0&#8243; sticky_enabled=&#8221;0&#8243;][\/et_pb_gallery][\/et_pb_column][\/et_pb_row][\/et_pb_section]<\/p>\n","protected":false},"excerpt":{"rendered":"<p>U petak 15. velja\u010de zabavom Planinarski ruksak koja se odr\u017eavala na Pikovom stanu u organizaciji relativno mladog, a vrlo aktivnog dru\u0161tva je zapo\u010deo jo\u0161 jedan zanimljiv i pou\u010dan vikend za planinare i simpatizere HPD Cibalie Vinkovci. Na prijedlog rukovodstva dru\u0161tva uz podr\u0161ku \u010dlanova vrlo brzo se dogovorila zabava, mali povod je bilo i Valentinovo, uz [&hellip;]<\/p>\n","protected":false},"author":1,"featured_media":0,"comment_status":"closed","ping_status":"open","sticky":false,"template":"","format":"standard","meta":{"_et_pb_use_builder":"on","_et_pb_old_content":"","_et_gb_content_width":"1080","footnotes":""},"categories":[33],"tags":[],"class_list":["post-4469","post","type-post","status-publish","format-standard","hentry","category-33"],"_links":{"self":[{"href":"https:\/\/www.slavonski-planinari.hr\/arhiva\/wp-json\/wp\/v2\/posts\/4469","targetHints":{"allow":["GET"]}}],"collection":[{"href":"https:\/\/www.slavonski-planinari.hr\/arhiva\/wp-json\/wp\/v2\/posts"}],"about":[{"href":"https:\/\/www.slavonski-planinari.hr\/arhiva\/wp-json\/wp\/v2\/types\/post"}],"author":[{"embeddable":true,"href":"https:\/\/www.slavonski-planinari.hr\/arhiva\/wp-json\/wp\/v2\/users\/1"}],"replies":[{"embeddable":true,"href":"https:\/\/www.slavonski-planinari.hr\/arhiva\/wp-json\/wp\/v2\/comments?post=4469"}],"version-history":[{"count":0,"href":"https:\/\/www.slavonski-planinari.hr\/arhiva\/wp-json\/wp\/v2\/posts\/4469\/revisions"}],"wp:attachment":[{"href":"https:\/\/www.slavonski-planinari.hr\/arhiva\/wp-json\/wp\/v2\/media?parent=4469"}],"wp:term":[{"taxonomy":"category","embeddable":true,"href":"https:\/\/www.slavonski-planinari.hr\/arhiva\/wp-json\/wp\/v2\/categories?post=4469"},{"taxonomy":"post_tag","embeddable":true,"href":"https:\/\/www.slavonski-planinari.hr\/arhiva\/wp-json\/wp\/v2\/tags?post=4469"}],"curies":[{"name":"wp","href":"https:\/\/api.w.org\/{rel}","templated":true}]}}