{"id":4451,"date":"2019-02-19T13:10:00","date_gmt":"2019-02-19T12:10:00","guid":{"rendered":"https:\/\/www.slavonski-planinari.hr\/arhiva\/?p=4451"},"modified":"2023-01-27T13:13:20","modified_gmt":"2023-01-27T12:13:20","slug":"povelji-u-pohode-srebrenik-majevica-bih-foto","status":"publish","type":"post","link":"https:\/\/www.slavonski-planinari.hr\/arhiva\/povelji-u-pohode-srebrenik-majevica-bih-foto\/","title":{"rendered":"Povelji u pohode \u2013 Srebrenik \u2013 Majevica \u2013 BiH [FOTO]"},"content":{"rendered":"<p>[et_pb_section fb_built=&#8221;1&#8243; theme_builder_area=&#8221;post_content&#8221; _builder_version=&#8221;4.19.5&#8243; _module_preset=&#8221;default&#8221;][et_pb_row _builder_version=&#8221;4.19.5&#8243; _module_preset=&#8221;default&#8221; theme_builder_area=&#8221;post_content&#8221;][et_pb_column _builder_version=&#8221;4.19.5&#8243; _module_preset=&#8221;default&#8221; type=&#8221;4_4&#8243; theme_builder_area=&#8221;post_content&#8221;][et_pb_text _builder_version=&#8221;4.19.5&#8243; _module_preset=&#8221;default&#8221; theme_builder_area=&#8221;post_content&#8221; hover_enabled=&#8221;0&#8243; sticky_enabled=&#8221;0&#8243;]<\/p>\n<p style=\"text-align: justify;\">\u010clanovi HPD-a &#8220;Sokolovac&#8221; Po\u017eega pro\u0161le nedjelje su bili na izletu \u201ePovelji u pohode\u201c na Majevici u BiH, koji tradicionalno, povodom ro\u0111endana grada Srebrenika, organizira Planinarsko dru\u0161tvo \u201cMajevica\u201d Srebrenik.<\/p>\n<p style=\"text-align: justify;\">Na put smo krenuli u 5.30 sati ispred PLAK-a (planinarski klub) i za 2.40 minuta smo bili na mjestu okupljanja u samom centru Srebrenika.<\/p>\n<p style=\"text-align: justify;\">Nakon pozdravne rije\u010di doma\u0107ina u 9.30 uslijedio je polazak na planinarsku stazu: Srebrenik &#8211; Kuzumovi\u0107i &#8211; Stari grad Srebrenik &#8211; Gornji Srebrenik &#8211; Voda \u010cuhlanica &#8211; Planinarski dom Lipici.<\/p>\n<p style=\"text-align: justify;\">Na platou Starog grada za sve sudionike bila je organizirana zakuska (\u010daj, razne pite, peciva, kola\u010di\u2026) i prigodan kulturno zabavni program u kojem su izletnici mogli \u010duti o bogatoj povijesti Srebrenika, i koliko se ban Stjepan Kotromani\u0107 i ban Tvrtko Kotromani\u0107 po\u0161tuju u ovome kraju.<\/p>\n<p style=\"text-align: justify;\">Po zavr\u0161etku pohoda koji je potrajao oko 4 sata na Planinarskom domu \u201eLipici\u201c na Majevici, doma\u0107ini su pripremili ukusan grah za sve planinare, kojih je bilo ukupno oko 1200 iz 63 planinarska dru\u0161tva iz Hrvatske, Srbije i BiH, kojima su dodijeljene zahvalnice nakon \u010dega je zapo\u010delo tradicionalno dru\u017eenje planinara uz zabavno-glazbeni program.<\/p>\n<p style=\"text-align: right;\">Predrag Livak<\/p>\n<p style=\"text-align: right;\">HPD &#8220;Sokolovac&#8221; Po\u017eega,<br \/>predsjednik<\/p>\n<p>[\/et_pb_text][et_pb_gallery _builder_version=&#8221;4.19.5&#8243; _module_preset=&#8221;default&#8221; theme_builder_area=&#8221;post_content&#8221; gallery_ids=&#8221;4458,4453,4454,4455,4456,4457,4459,4460,4461,4462,4463,4464,4465,4466,4467&#8243; posts_number=&#8221;15&#8243; show_title_and_caption=&#8221;off&#8221; hover_enabled=&#8221;0&#8243; sticky_enabled=&#8221;0&#8243;][\/et_pb_gallery][\/et_pb_column][\/et_pb_row][\/et_pb_section]<\/p>\n","protected":false},"excerpt":{"rendered":"<p>\u010clanovi HPD-a &#8220;Sokolovac&#8221; Po\u017eega pro\u0161le nedjelje su bili na izletu \u201ePovelji u pohode\u201c na Majevici u BiH, koji tradicionalno, povodom ro\u0111endana grada Srebrenika, organizira Planinarsko dru\u0161tvo \u201cMajevica\u201d Srebrenik. Na put smo krenuli u 5.30 sati ispred PLAK-a (planinarski klub) i za 2.40 minuta smo bili na mjestu okupljanja u samom centru Srebrenika. Nakon pozdravne rije\u010di [&hellip;]<\/p>\n","protected":false},"author":1,"featured_media":0,"comment_status":"closed","ping_status":"open","sticky":false,"template":"","format":"standard","meta":{"_et_pb_use_builder":"on","_et_pb_old_content":"","_et_gb_content_width":"1080","footnotes":""},"categories":[33],"tags":[],"class_list":["post-4451","post","type-post","status-publish","format-standard","hentry","category-33"],"_links":{"self":[{"href":"https:\/\/www.slavonski-planinari.hr\/arhiva\/wp-json\/wp\/v2\/posts\/4451","targetHints":{"allow":["GET"]}}],"collection":[{"href":"https:\/\/www.slavonski-planinari.hr\/arhiva\/wp-json\/wp\/v2\/posts"}],"about":[{"href":"https:\/\/www.slavonski-planinari.hr\/arhiva\/wp-json\/wp\/v2\/types\/post"}],"author":[{"embeddable":true,"href":"https:\/\/www.slavonski-planinari.hr\/arhiva\/wp-json\/wp\/v2\/users\/1"}],"replies":[{"embeddable":true,"href":"https:\/\/www.slavonski-planinari.hr\/arhiva\/wp-json\/wp\/v2\/comments?post=4451"}],"version-history":[{"count":0,"href":"https:\/\/www.slavonski-planinari.hr\/arhiva\/wp-json\/wp\/v2\/posts\/4451\/revisions"}],"wp:attachment":[{"href":"https:\/\/www.slavonski-planinari.hr\/arhiva\/wp-json\/wp\/v2\/media?parent=4451"}],"wp:term":[{"taxonomy":"category","embeddable":true,"href":"https:\/\/www.slavonski-planinari.hr\/arhiva\/wp-json\/wp\/v2\/categories?post=4451"},{"taxonomy":"post_tag","embeddable":true,"href":"https:\/\/www.slavonski-planinari.hr\/arhiva\/wp-json\/wp\/v2\/tags?post=4451"}],"curies":[{"name":"wp","href":"https:\/\/api.w.org\/{rel}","templated":true}]}}