{"id":4443,"date":"2019-02-14T13:06:00","date_gmt":"2019-02-14T12:06:00","guid":{"rendered":"https:\/\/www.slavonski-planinari.hr\/arhiva\/?p=4443"},"modified":"2023-01-27T13:10:01","modified_gmt":"2023-01-27T12:10:01","slug":"25-godina-planinarstva-u-beliscu","status":"publish","type":"post","link":"https:\/\/www.slavonski-planinari.hr\/arhiva\/25-godina-planinarstva-u-beliscu\/","title":{"rendered":"25 godina planinarstva u Beli\u0161\u0107u"},"content":{"rendered":"<p>[et_pb_section fb_built=&#8221;1&#8243; theme_builder_area=&#8221;post_content&#8221; _builder_version=&#8221;4.19.5&#8243; _module_preset=&#8221;default&#8221;][et_pb_row _builder_version=&#8221;4.19.5&#8243; _module_preset=&#8221;default&#8221; theme_builder_area=&#8221;post_content&#8221;][et_pb_column _builder_version=&#8221;4.19.5&#8243; _module_preset=&#8221;default&#8221; type=&#8221;4_4&#8243; theme_builder_area=&#8221;post_content&#8221;][et_pb_text _builder_version=&#8221;4.19.5&#8243; _module_preset=&#8221;default&#8221; theme_builder_area=&#8221;post_content&#8221; hover_enabled=&#8221;0&#8243; sticky_enabled=&#8221;0&#8243;]<\/p>\n<div class=\"itemIntroText\">\n<p style=\"text-align: justify;\"><img loading=\"lazy\" decoding=\"async\" src=\"https:\/\/www.slavonski-planinari.hr\/arhiva\/wp-content\/uploads\/2023\/01\/belisce25god_00002m.jpg\" width=\"137\" height=\"91\" alt=\"\" class=\"wp-image-4446 alignleft size-full\" \/>U petak 1. velja\u010de 2019.g. je odr\u017eana redovita izvje\u0161tajna skup\u0161tina HPD \u201eBeli\u0161\u0107a\u201c iz Beli\u0161\u0107a. Obzirom da je 29. sije\u010dnja dru\u0161tvo navr\u0161ilo 25 godina kontinuiranog rada, skup\u0161tina je bila i sve\u010dana.<\/p>\n<p style=\"text-align: justify;\">\n<p style=\"text-align: justify;\">\n<\/div>\n<div class=\"itemFullText\">\n<p style=\"text-align: justify;\">Nazo\u010dilo je oko sto u\u010desnika-planinara i gostiju. Skup\u0161tini je nazo\u010dio dogradona\u010delnik gospodin Domagoj Var\u017ei\u0107, predsjednik Zajednice sportskih udruga grada Beli\u0161\u0107a, predstavnik udruge Slavonski planinari Otmar Tossenberger, predstavnici izvi\u0111a\u010dkog odreda \u201eIovalius\u201c iz Valpova, predstavnici iz osam planinarskih dru\u0161tava i predstavnici lokalnih medija.<\/p>\n<p style=\"text-align: justify;\"><img loading=\"lazy\" decoding=\"async\" src=\"https:\/\/www.slavonski-planinari.hr\/arhiva\/wp-content\/uploads\/2023\/01\/belisce25god_00001.jpg\" width=\"640\" height=\"424\" alt=\"\" class=\"wp-image-4445 aligncenter size-full\" srcset=\"https:\/\/www.slavonski-planinari.hr\/arhiva\/wp-content\/uploads\/2023\/01\/belisce25god_00001.jpg 640w, https:\/\/www.slavonski-planinari.hr\/arhiva\/wp-content\/uploads\/2023\/01\/belisce25god_00001-480x318.jpg 480w\" sizes=\"(min-width: 0px) and (max-width: 480px) 480px, (min-width: 481px) 640px, 100vw\" \/><\/p>\n<p style=\"text-align: justify;\">Skup\u0161tinu je otvorio i pozdravio prisutne predsjednik Goran Mari\u010di\u0107. U svom izlaganju osvrnuo se na 25. obljetnicu rada dru\u0161tva, spomenuo osniva\u010de i neke rezultate u radu. Osniva\u010di su bili Ivo Andelfinger-sada pokojni i Slobodan Soldo iz Valpova i Krunoslav Hornung i Stjepan Savi\u0107 iz Beli\u0161\u0107a. Jedan od njih sve ove godine bez prekida je pokreta\u010d aktivnosti, stalno prisutan u tijelima dru\u0161tva (predsjednik, tajnik, blagajnik i \u010dlan Izvr\u0161nog odbora) , vodi\u010d izleta, predava\u010d u planinarskoj \u0161koli \u2013to je Slobodan Soldo. I ovdje prisutan jedini od njih se obratio skupu. Njegovo izlaganje je popra\u0107eno odul\u0161evljenjem i aplauzom i to s razlogom. Uz zahtjevnu du\u017enost pro\u010delnika HGSS-a Stanice Osijek i mnogobrojnih pohoda na vrhove iznad 4000 m s liste British alpin kluba, koje je gotovo sve ispenjao-prisutan je i nezamjenjiv oslonac u radu dru\u0161tva.<\/p>\n<p style=\"text-align: justify;\"><img loading=\"lazy\" decoding=\"async\" src=\"https:\/\/www.slavonski-planinari.hr\/arhiva\/wp-content\/uploads\/2023\/01\/belisce25god_00004.jpg\" width=\"640\" height=\"424\" alt=\"\" class=\"wp-image-4447 aligncenter size-full\" srcset=\"https:\/\/www.slavonski-planinari.hr\/arhiva\/wp-content\/uploads\/2023\/01\/belisce25god_00004.jpg 640w, https:\/\/www.slavonski-planinari.hr\/arhiva\/wp-content\/uploads\/2023\/01\/belisce25god_00004-480x318.jpg 480w\" sizes=\"(min-width: 0px) and (max-width: 480px) 480px, (min-width: 481px) 640px, 100vw\" \/><\/p>\n<p style=\"text-align: justify;\">Od prvog izleta 26. velja\u010de 1994.g. u \u0161umu \u0160efkovica nedaleko Valpova, beli\u0161\u0107anski planinari su pre\u0161li gotovo sve planine i otoke Hrvatske. Odlalzili su na planine izvan Hrvatske: u BIH, Sloveniju, Italiju, Ma\u0111arsku, C. Goru, Rumunjsku, Bugarsku, Rusiju, Poljsku, Slova\u010dku, Austriju, Gr\u010dku, \u0160vicarsku , Francusku, Tursku i daleku Aziju (Himalaya u Nepalu) Afriku (Kilimanjaro u Tanzaniji) i Ju\u017enu Ameriku (Aconcagua u Andama-Argentina). Ve\u0107 1994.g.Krunoslav Hornung penje NayaKonga 5846 m , 1995. G. \u010detvorica s Slobodanom Soldom penju Montblanc, 1997.g. je ispenjan zahtjevni vrh Materhorn-penju ga Slobodan Soldo i Stjepan Savi\u0107 i iste godine Krunoslav Hornung penje Kilimanjaro.<\/p>\n<p style=\"text-align: justify;\">Uslijedili su zahtjevni maratoni, ferate i trekinzi u kojima prednja\u010di Slobodan Soldo.2015.g Slobodan Soldo po tre\u0107i put, a Darko \u0110akovac prvi puta penju Montblanc. Tom prigodom podi\u017eu zastavu dru\u0161tva i gradova Beli\u0161\u0107a i Valpova iz kojeg su ve\u0107ina \u010dlanova, a ima ih iz Osijeka i drugih mjesta. Ispenjano je vi\u0161e od 200 vrhova iznad 2000 metara.<\/p>\n<p style=\"text-align: justify;\"><img loading=\"lazy\" decoding=\"async\" src=\"https:\/\/www.slavonski-planinari.hr\/arhiva\/wp-content\/uploads\/2023\/01\/belisce25god_00005.jpg\" width=\"640\" height=\"424\" alt=\"\" class=\"wp-image-4448 aligncenter size-full\" srcset=\"https:\/\/www.slavonski-planinari.hr\/arhiva\/wp-content\/uploads\/2023\/01\/belisce25god_00005.jpg 640w, https:\/\/www.slavonski-planinari.hr\/arhiva\/wp-content\/uploads\/2023\/01\/belisce25god_00005-480x318.jpg 480w\" sizes=\"(min-width: 0px) and (max-width: 480px) 480px, (min-width: 481px) 640px, 100vw\" \/><\/p>\n<p style=\"text-align: justify;\">Od 49 \u010dlanova u vrijeme osnivanja, danas dru\u0161tvo ima 127 registriranih \u010dlanova. Kroz dru\u0161tvo su pro\u0161la 573 \u010dlana. Uz HPO prije\u0111eno je vi\u0161e obilaznica i puteva, memorijalnih i hodo\u010dasni\u010dkih pohoda.<\/p>\n<p style=\"text-align: justify;\">U 2002.g. uz pomo\u0107 tada\u0161njeg Kombinata \u201eBeli\u0161\u0107e\u201c je izgra\u0111ena umjetna stijena na kojoj vje\u017ebaju penja\u010di, a obzirom da je u \u0161kolskoj dvorani dostupna je i u\u010denicima osnovne \u0161kole. Iste godine Slobodan Soldo osmi\u0161ljava i uz bra\u0107u Mari\u010di\u0107 markira stazu Beli\u0161\u0107anski podravski pje\u0161a\u010dki put, na kojem se svake godine okuplja i do 300 planinara i izletnika. Na dijelu uz rijeku Dravu je izgra\u0111ena \u0161esterokutna nadstre\u0161nica i klupe za odmor. Planinari su sudionici u svim doga\u0111anjima u gradu Beli\u0161\u0107u, a nekih su i nositelji aktivnosti, \u0161to grad cijeni i uzvra\u0107a financiranjem rada. Od 30 \u010dlanova HGSS-a Stanice Osijek 10 su na\u0161i \u010dlanovi.<\/p>\n<p style=\"text-align: justify;\">Za svoj rad dru\u0161tvo i pojedinci su primili priznanja SPS-a \u2013sada udruga Slavonski planinari, a priznanje srebrni znak HPS-a su dobili Slobodan Soldo i Krunoslav Hornung 2013.g.<\/p>\n<p style=\"text-align: justify;\">Ova godina \u0107e biti u znaku obilje\u017eavanja jubileja i u tijeku su pripreme za: izdavanje fotomonografije, predlaganje za priznanja \u010dlanovima za rad, Skup na BPPP-u i prigodni izleti u visoko gorje.<\/p>\n<p style=\"text-align: justify;\">I ove godine su zabilje\u017eeni zna\u010dajni rezultati. Pove\u0107an je broj \u010dlanova za 20. Odra\u0111ene su 72 razli\u010dite aktivnosti, od kojih 53 izleta. Na planinskim pohodima ove godine pro\u0161li smo planine Slavonije, Moslava\u010dku goru i Bilogoru, Medvednicu, Kalnik, planine Gorskog Kotara (Bjelolasica, Bijele stijene, Risnjak i Snje\u017enik), najomiljeniju destinaciju Velebit i njegove vrhove, , otoke-Cres, Lo\u0161inj, Krk, Bra\u010d i \u0160oltu, planine Dalmatinske Zagore ( Dinara, Promina i Svilaja), planine i mjesta u BiH-Franjeva\u010dki samostan u Fojnici i piramide u Visokom, \u0110erdap i Fru\u0161ka gora u Srbiji , a lijepo je bilo i na \u0160etnji Valpov\u0161tinom, na Osje\u010dkom pje\u0161a\u010dkom putu, Podunavskom putu i Baranji. Bilo je atraktivnih izleta, kao izlet u Dolomite gdje je 9 na\u0161ih \u010dlanova pod vodstvom Slobodana Solde ispenjalo PizBoe 3152 m. U \u0160vicarskoj Slobodan Soldo, Karmen Soldo, Ana Soldo i Petar Du\u010di\u0107 penju Unterrothorn 3104 m, Gran Paradiso 4061 m u Italiji i Dome des Ecrins 4015 u Francuskoj \u2013Soldo i Darko \u0110akovac. Baarre des Ecrins 4102 m u Francuskoj penje Soldo. Zoran Markovi\u0107 je ispenjao 6 vrhova iznad 2000 me\u0111u njima i Musalu 2925 u Bugarskoj. Osam \u010dlanova ove godine je ispenjalo najvi\u0161i vrh Hrvatske.<\/p>\n<p style=\"text-align: justify;\">Sudjelovali smo na 68. Danima slavonskih planinara i drugim skupovima na poziv planinarskih dru\u0161tava, memorijalnom pohodu \u201eAn\u0111ina baraka\u201c u po\u010dast poginulim braniteljima, Na\u0161i\u010dkom kri\u017enom putu, Srednjoeuropskom hodo\u010dasni\u010dkom putu, na akcijama u gradu, a bili smo organizator i nositelj akcije \u201eEuropski tjedan mobilnosti\u201c u gradu. Odradili izlo\u017ebu fotografija, a dvoje \u010dlanova Ana Soldo i Petar Du\u010di\u0107 su odr\u017eali interaktivno predavanje o \u201eAnapurna trekingu\u201c u Nepalu na kojem su bili u\u010desnici.<\/p>\n<p style=\"text-align: justify;\">Izra\u0111ene su i postavljene nove klupe na odmori\u0161tu \u2013nositelj ove aktivnosti je bio dopredsjednik dru\u0161tva Zoran Markovi\u0107 uz pomo\u0107 u\u010denika srednje \u0161kole i aktivista dru\u0161tva.<\/p>\n<p style=\"text-align: justify;\"><img loading=\"lazy\" decoding=\"async\" src=\"https:\/\/www.slavonski-planinari.hr\/arhiva\/wp-content\/uploads\/2023\/01\/belisce25god_00006.jpg\" width=\"640\" height=\"424\" alt=\"\" class=\"wp-image-4449 aligncenter size-full\" srcset=\"https:\/\/www.slavonski-planinari.hr\/arhiva\/wp-content\/uploads\/2023\/01\/belisce25god_00006.jpg 640w, https:\/\/www.slavonski-planinari.hr\/arhiva\/wp-content\/uploads\/2023\/01\/belisce25god_00006-480x318.jpg 480w\" sizes=\"(min-width: 0px) and (max-width: 480px) 480px, (min-width: 481px) 640px, 100vw\" \/><\/p>\n<p style=\"text-align: justify;\">Nakon prihva\u0107anja svih izvje\u0161taja, plana izleta i rada i financijskog plana kroz projekciju prikazan je osvrt na izlete u protekloj godini.<\/p>\n<p style=\"text-align: justify;\">I ove godine gradona\u010delnik je lijepim rije\u010dima pohvalio rad dru\u0161tva i obe\u0107ao potporu grada.<\/p>\n<p style=\"text-align: justify;\">Predsjednik Zajednice sportskih udruga i predstavnici dru\u0161tava u svom obra\u0107anju su isto pohvali rad i uputili \u010destitku za uspjeh u radu i za obljetnicu postojanja dru\u0161tva.<\/p>\n<p style=\"text-align: justify;\">Uslijedila je planinarska veselica uz glazbu, zakusku i osvje\u017eavaju\u0107a pi\u0107a. Kao za sve skup\u0161tine do sada i skupove na na\u0161om BPPP-u \u2013 24 \u010dlanice su pripremile raznovrsne kola\u010de, a \u010detiri su ispekle veliku tortu u obliku Materhorna ukra\u0161enu svije\u0107ama prskalicama. Tortu je na kolicima u salu uvezao osniva\u010d dru\u0161tva Slobodan Soldo uz pratnju sada\u0161njeg predsjednika Gorana Mari\u010di\u0107a, \u0161to je popra\u0107eno odu\u0161evljenjem i aplaluzom.<\/p>\n<p style=\"text-align: justify;\">Nastavljeno je s pjesmom i plesom kako to planinari znaju.<\/p>\n<p style=\"text-align: right;\">Tajnica Nada Donkovi\u0107<\/p>\n<\/div>\n<p>[\/et_pb_text][\/et_pb_column][\/et_pb_row][\/et_pb_section]<\/p>\n","protected":false},"excerpt":{"rendered":"<p>U petak 1. velja\u010de 2019.g. je odr\u017eana redovita izvje\u0161tajna skup\u0161tina HPD \u201eBeli\u0161\u0107a\u201c iz Beli\u0161\u0107a. Obzirom da je 29. sije\u010dnja dru\u0161tvo navr\u0161ilo 25 godina kontinuiranog rada, skup\u0161tina je bila i sve\u010dana. Nazo\u010dilo je oko sto u\u010desnika-planinara i gostiju. Skup\u0161tini je nazo\u010dio dogradona\u010delnik gospodin Domagoj Var\u017ei\u0107, predsjednik Zajednice sportskih udruga grada Beli\u0161\u0107a, predstavnik udruge Slavonski planinari Otmar [&hellip;]<\/p>\n","protected":false},"author":1,"featured_media":0,"comment_status":"closed","ping_status":"open","sticky":false,"template":"","format":"standard","meta":{"_et_pb_use_builder":"on","_et_pb_old_content":"","_et_gb_content_width":"1080","footnotes":""},"categories":[33],"tags":[],"class_list":["post-4443","post","type-post","status-publish","format-standard","hentry","category-33"],"_links":{"self":[{"href":"https:\/\/www.slavonski-planinari.hr\/arhiva\/wp-json\/wp\/v2\/posts\/4443","targetHints":{"allow":["GET"]}}],"collection":[{"href":"https:\/\/www.slavonski-planinari.hr\/arhiva\/wp-json\/wp\/v2\/posts"}],"about":[{"href":"https:\/\/www.slavonski-planinari.hr\/arhiva\/wp-json\/wp\/v2\/types\/post"}],"author":[{"embeddable":true,"href":"https:\/\/www.slavonski-planinari.hr\/arhiva\/wp-json\/wp\/v2\/users\/1"}],"replies":[{"embeddable":true,"href":"https:\/\/www.slavonski-planinari.hr\/arhiva\/wp-json\/wp\/v2\/comments?post=4443"}],"version-history":[{"count":0,"href":"https:\/\/www.slavonski-planinari.hr\/arhiva\/wp-json\/wp\/v2\/posts\/4443\/revisions"}],"wp:attachment":[{"href":"https:\/\/www.slavonski-planinari.hr\/arhiva\/wp-json\/wp\/v2\/media?parent=4443"}],"wp:term":[{"taxonomy":"category","embeddable":true,"href":"https:\/\/www.slavonski-planinari.hr\/arhiva\/wp-json\/wp\/v2\/categories?post=4443"},{"taxonomy":"post_tag","embeddable":true,"href":"https:\/\/www.slavonski-planinari.hr\/arhiva\/wp-json\/wp\/v2\/tags?post=4443"}],"curies":[{"name":"wp","href":"https:\/\/api.w.org\/{rel}","templated":true}]}}