{"id":4424,"date":"2019-02-13T13:00:00","date_gmt":"2019-02-13T12:00:00","guid":{"rendered":"https:\/\/www.slavonski-planinari.hr\/arhiva\/?p=4424"},"modified":"2023-01-27T13:02:53","modified_gmt":"2023-01-27T12:02:53","slug":"krndijasi-na-valentinovskom-izletu-foto","status":"publish","type":"post","link":"https:\/\/www.slavonski-planinari.hr\/arhiva\/krndijasi-na-valentinovskom-izletu-foto\/","title":{"rendered":"Krndija\u0161i na Valentinovskom izletu [FOTO]"},"content":{"rendered":"<p>[et_pb_section fb_built=&#8221;1&#8243; theme_builder_area=&#8221;post_content&#8221; _builder_version=&#8221;4.19.5&#8243; _module_preset=&#8221;default&#8221;][et_pb_row _builder_version=&#8221;4.19.5&#8243; _module_preset=&#8221;default&#8221; theme_builder_area=&#8221;post_content&#8221;][et_pb_column _builder_version=&#8221;4.19.5&#8243; _module_preset=&#8221;default&#8221; type=&#8221;4_4&#8243; theme_builder_area=&#8221;post_content&#8221;][et_pb_text _builder_version=&#8221;4.19.5&#8243; _module_preset=&#8221;default&#8221; theme_builder_area=&#8221;post_content&#8221; hover_enabled=&#8221;0&#8243; sticky_enabled=&#8221;0&#8243;]<\/p>\n<p style=\"text-align: justify;\">Iako ne volimo matematiku u planini, suma 31-og planinara na izletu nas veseli pa nije bio problem prebrojati nas na po\u010detku dana\u0161njeg dru\u017eenja s planinom. Izlet koji je bio zaista poseban, \u0161to zbog mnogobrojnosti, pitome staze u kojoj su u\u017eivali djeca, stari i mladi, posebnog ugo\u0111aja, odli\u010dne atmosfere, a \u0161to zbog veselog dru\u017eenja i smijeha koji se \u0161irio Lond\u017eicom.<\/p>\n<p style=\"text-align: justify;\">Pro\u0161li smo kratku stazu u trajanju 3 sata od Lond\u017eice do Ivinih vrela i nazad i u\u017eivali u svakom trenu. Usput smo i provjerili stanje novog objekta koji \u010deka adaptaciju za na\u0161u pl. ku\u0107u &#8220;Krndija&#8221; u Lond\u017eici. &#8220;Carpe diem&#8221; u pravom smislu rije\u010di!<\/p>\n<p style=\"text-align: justify;\">Ve\u0107 nekoliko godina ovaj izlet nosi naziv &#8220;valentinovski&#8221; iako bi se gotovo svaki mogao tako zvati jer je ljubav \u010dovjeka i planine neraskidiva veza puna ljubavi, po\u0161tivanja, iskrenosti, odanosti i divljenja. Gdje god bili, u stjenovitim vrhuncima visokogorskih izleta i vrhunaca ukra\u0161enima snijegom koji se izdi\u017eu u oblacima ili u niskim \u0161umovitim gorama na\u0161eg prekrasnog slavonskom gorja, svaki izlet se iznova zaljubljujemo. Zaljubljujemo se u \u010disti planinski zrak kojim di\u0161emo zajedno s planinom. Zaljubljujemo se u svaki vidik koji nam pru\u017ea obzor dok se u daljini nebo stapa sa zemljom. Zaljubljujemo se u svaki izlazak i zalazak sunca koji oboje planinu i iskonski nas podsje\u0107a da cijenimo svaki dan, u svaku padinu koja nam pru\u017ea neki ljep\u0161i svijet.<\/p>\n<p style=\"text-align: justify;\">U svaku avanturu koja nas \u010deka dok istra\u017eujemo i divimo se stopama divljih \u017eivotinja koje se ocrtavaju na tlu, pjevu ptica, \u0161arenilu \u017eivopisnog cvije\u0107a, ledenosnje\u017enim pustim prostranstvima gdje \u010dovjek shvati da je toliko malen, a opet toliko velik. Zaljubljujemo se u svako novo poznanstvo i drage ljude koje susre\u0107emo u potrebi da budemo dio netaknute prirode svijeta i zagrljaja planina, svijeta kojeg volimo i sve \u0161to u njemu postoji.<\/p>\n<p style=\"text-align: center;\">Umor prolazi, a zadovoljstvo ostaje!<\/p>\n<p style=\"text-align: right;\">Hrvoje Tr\u017ei\u0107<\/p>\n<p>[\/et_pb_text][et_pb_gallery _builder_version=&#8221;4.19.5&#8243; _module_preset=&#8221;default&#8221; theme_builder_area=&#8221;post_content&#8221; gallery_ids=&#8221;4426,4427,4428,4429,4430,4431,4432,4433,4434,4435,4436,4437,4438,4439,4440&#8243; posts_number=&#8221;15&#8243; show_title_and_caption=&#8221;off&#8221; hover_enabled=&#8221;0&#8243; sticky_enabled=&#8221;0&#8243;][\/et_pb_gallery][\/et_pb_column][\/et_pb_row][\/et_pb_section]<\/p>\n","protected":false},"excerpt":{"rendered":"<p>Iako ne volimo matematiku u planini, suma 31-og planinara na izletu nas veseli pa nije bio problem prebrojati nas na po\u010detku dana\u0161njeg dru\u017eenja s planinom. Izlet koji je bio zaista poseban, \u0161to zbog mnogobrojnosti, pitome staze u kojoj su u\u017eivali djeca, stari i mladi, posebnog ugo\u0111aja, odli\u010dne atmosfere, a \u0161to zbog veselog dru\u017eenja i smijeha [&hellip;]<\/p>\n","protected":false},"author":1,"featured_media":0,"comment_status":"closed","ping_status":"open","sticky":false,"template":"","format":"standard","meta":{"_et_pb_use_builder":"on","_et_pb_old_content":"","_et_gb_content_width":"1080","footnotes":""},"categories":[33],"tags":[],"class_list":["post-4424","post","type-post","status-publish","format-standard","hentry","category-33"],"_links":{"self":[{"href":"https:\/\/www.slavonski-planinari.hr\/arhiva\/wp-json\/wp\/v2\/posts\/4424","targetHints":{"allow":["GET"]}}],"collection":[{"href":"https:\/\/www.slavonski-planinari.hr\/arhiva\/wp-json\/wp\/v2\/posts"}],"about":[{"href":"https:\/\/www.slavonski-planinari.hr\/arhiva\/wp-json\/wp\/v2\/types\/post"}],"author":[{"embeddable":true,"href":"https:\/\/www.slavonski-planinari.hr\/arhiva\/wp-json\/wp\/v2\/users\/1"}],"replies":[{"embeddable":true,"href":"https:\/\/www.slavonski-planinari.hr\/arhiva\/wp-json\/wp\/v2\/comments?post=4424"}],"version-history":[{"count":0,"href":"https:\/\/www.slavonski-planinari.hr\/arhiva\/wp-json\/wp\/v2\/posts\/4424\/revisions"}],"wp:attachment":[{"href":"https:\/\/www.slavonski-planinari.hr\/arhiva\/wp-json\/wp\/v2\/media?parent=4424"}],"wp:term":[{"taxonomy":"category","embeddable":true,"href":"https:\/\/www.slavonski-planinari.hr\/arhiva\/wp-json\/wp\/v2\/categories?post=4424"},{"taxonomy":"post_tag","embeddable":true,"href":"https:\/\/www.slavonski-planinari.hr\/arhiva\/wp-json\/wp\/v2\/tags?post=4424"}],"curies":[{"name":"wp","href":"https:\/\/api.w.org\/{rel}","templated":true}]}}