{"id":4419,"date":"2019-02-12T12:54:00","date_gmt":"2019-02-12T11:54:00","guid":{"rendered":"https:\/\/www.slavonski-planinari.hr\/arhiva\/?p=4419"},"modified":"2023-01-27T12:59:16","modified_gmt":"2023-01-27T11:59:16","slug":"obavijest-o-promjenama-u-kalendaru","status":"publish","type":"post","link":"https:\/\/www.slavonski-planinari.hr\/arhiva\/obavijest-o-promjenama-u-kalendaru\/","title":{"rendered":"Obavijest o promjenama u kalendaru"},"content":{"rendered":"<p>[et_pb_section fb_built=&#8221;1&#8243; _builder_version=&#8221;4.19.5&#8243; _module_preset=&#8221;default&#8221; custom_padding=&#8221;||201px|||&#8221; global_colors_info=&#8221;{}&#8221;][et_pb_row _builder_version=&#8221;4.19.5&#8243; _module_preset=&#8221;default&#8221; global_colors_info=&#8221;{}&#8221;][et_pb_column type=&#8221;4_4&#8243; _builder_version=&#8221;4.19.5&#8243; _module_preset=&#8221;default&#8221; global_colors_info=&#8221;{}&#8221;][et_pb_text _builder_version=&#8221;4.19.5&#8243; _module_preset=&#8221;default&#8221; hover_enabled=&#8221;0&#8243; global_colors_info=&#8221;{}&#8221; sticky_enabled=&#8221;0&#8243;]<\/p>\n<div class=\"itemIntroText\">\n<p style=\"text-align: justify;\"><img loading=\"lazy\" decoding=\"async\" src=\"https:\/\/www.slavonski-planinari.hr\/arhiva\/wp-content\/uploads\/2023\/01\/logoSPS.jpg\" width=\"116\" height=\"82\" alt=\"\" class=\"wp-image-4422 alignleft size-full\" \/>Obavje\u0161tavamo sve \u010dlanice udruge Slavonski planinari kao i njihove \u010dlanove da obrate pozornost na slijede\u0107e promjene u<span>\u00a0<\/span>Kalendaru aktivnosti<span>\u00a0<\/span>SP i njenih \u010dlanica:<\/p>\n<p style=\"text-align: justify;\">\n<p style=\"text-align: justify;\">\n<p style=\"text-align: justify;\">\n<p style=\"text-align: justify;\">\n<\/div>\n<div class=\"itemFullText\">\n<p style=\"text-align: justify;\">1) Odlukom Upravnog odbora SP, Izvje\u0161tajna godi\u0161nja skup\u0161tina se ne\u0107e odr\u017eati u subotu 2.03. nego u subotu 30.03.2019. Mjesto odr\u017eavanja planinarski dom Lapjak u Velikoj. Slu\u017ebeni poziv slijedi nakon sastanka UO 25.02.2019.<\/p>\n<p style=\"text-align: justify;\">2) U znak sje\u0107anja na svog nedavno stradalog predsjednika, daruvarski planinari \u0107e u budu\u0107e organizirati memorijalni pohod. Odr\u017eavat \u0107e se u nedjelju koja je najbli\u017ea 5. svibnja, Slivinom ro\u0111endanu. Ove godine je to upravo nedjelja pa je u kalendar upisano:<br \/>05.05., nedjelja \u2013 Memorijalni Pohod do Slivinog mosta (radni naziv), PD Petrov vrh Daruvar<br \/>(info: Tihomir Djedovi\u0107, 091 150 0203 ,<span>\u00a0<\/span><span id=\"cloak54fb02c2020a59b1e4b903e546af9ed3\"><a href=\"mailto:petrovvrhpd@gmail.com\">petrovvrhpd@gmail.com<\/a><\/span>)<\/p>\n<p style=\"text-align: justify;\">Ovom prigodom molimo da sve promjene, ako ih bude, \u0161to ranije prijavite radi uno\u0161enja u kalendar na<span>\u00a0<\/span>webu SP.<\/p>\n<p style=\"text-align: right;\">Otmar Tosenberger, tajnik SP<\/p>\n<\/div>\n<p>[\/et_pb_text][\/et_pb_column][\/et_pb_row][\/et_pb_section]<\/p>\n","protected":false},"excerpt":{"rendered":"<p>Obavje\u0161tavamo sve \u010dlanice udruge Slavonski planinari kao i njihove \u010dlanove da obrate pozornost na slijede\u0107e promjene u\u00a0Kalendaru aktivnosti\u00a0SP i njenih \u010dlanica: 1) Odlukom Upravnog odbora SP, Izvje\u0161tajna godi\u0161nja skup\u0161tina se ne\u0107e odr\u017eati u subotu 2.03. nego u subotu 30.03.2019. Mjesto odr\u017eavanja planinarski dom Lapjak u Velikoj. Slu\u017ebeni poziv slijedi nakon sastanka UO 25.02.2019. 2) U [&hellip;]<\/p>\n","protected":false},"author":1,"featured_media":0,"comment_status":"closed","ping_status":"open","sticky":false,"template":"","format":"standard","meta":{"_et_pb_use_builder":"on","_et_pb_old_content":"","_et_gb_content_width":"1080","footnotes":""},"categories":[33],"tags":[],"class_list":["post-4419","post","type-post","status-publish","format-standard","hentry","category-33"],"_links":{"self":[{"href":"https:\/\/www.slavonski-planinari.hr\/arhiva\/wp-json\/wp\/v2\/posts\/4419","targetHints":{"allow":["GET"]}}],"collection":[{"href":"https:\/\/www.slavonski-planinari.hr\/arhiva\/wp-json\/wp\/v2\/posts"}],"about":[{"href":"https:\/\/www.slavonski-planinari.hr\/arhiva\/wp-json\/wp\/v2\/types\/post"}],"author":[{"embeddable":true,"href":"https:\/\/www.slavonski-planinari.hr\/arhiva\/wp-json\/wp\/v2\/users\/1"}],"replies":[{"embeddable":true,"href":"https:\/\/www.slavonski-planinari.hr\/arhiva\/wp-json\/wp\/v2\/comments?post=4419"}],"version-history":[{"count":0,"href":"https:\/\/www.slavonski-planinari.hr\/arhiva\/wp-json\/wp\/v2\/posts\/4419\/revisions"}],"wp:attachment":[{"href":"https:\/\/www.slavonski-planinari.hr\/arhiva\/wp-json\/wp\/v2\/media?parent=4419"}],"wp:term":[{"taxonomy":"category","embeddable":true,"href":"https:\/\/www.slavonski-planinari.hr\/arhiva\/wp-json\/wp\/v2\/categories?post=4419"},{"taxonomy":"post_tag","embeddable":true,"href":"https:\/\/www.slavonski-planinari.hr\/arhiva\/wp-json\/wp\/v2\/tags?post=4419"}],"curies":[{"name":"wp","href":"https:\/\/api.w.org\/{rel}","templated":true}]}}