{"id":4413,"date":"2019-02-12T12:51:00","date_gmt":"2019-02-12T11:51:00","guid":{"rendered":"https:\/\/www.slavonski-planinari.hr\/arhiva\/?p=4413"},"modified":"2023-01-27T12:53:41","modified_gmt":"2023-01-27T11:53:41","slug":"clanovi-hpd-papuk-na-papuku","status":"publish","type":"post","link":"https:\/\/www.slavonski-planinari.hr\/arhiva\/clanovi-hpd-papuk-na-papuku\/","title":{"rendered":"\u010clanovi HPD Papuk na Papuku"},"content":{"rendered":"<p>[et_pb_section fb_built=&#8221;1&#8243; theme_builder_area=&#8221;post_content&#8221; _builder_version=&#8221;4.19.5&#8243; _module_preset=&#8221;default&#8221;][et_pb_row _builder_version=&#8221;4.19.5&#8243; _module_preset=&#8221;default&#8221; theme_builder_area=&#8221;post_content&#8221;][et_pb_column _builder_version=&#8221;4.19.5&#8243; _module_preset=&#8221;default&#8221; type=&#8221;4_4&#8243; theme_builder_area=&#8221;post_content&#8221;][et_pb_text _builder_version=&#8221;4.19.5&#8243; _module_preset=&#8221;default&#8221; theme_builder_area=&#8221;post_content&#8221; hover_enabled=&#8221;0&#8243; sticky_enabled=&#8221;0&#8243;]<\/p>\n<div class=\"itemIntroText\">\n<p><a href=\"https:\/\/www.slavonski-planinari.hr\/arhiva\/wp-content\/uploads\/2023\/01\/hpd-papuk-izlet-papuk_00002.jpg\"><img loading=\"lazy\" decoding=\"async\" src=\"https:\/\/www.slavonski-planinari.hr\/arhiva\/wp-content\/uploads\/2023\/01\/hpd-papuk-izlet-papuk_00002.jpg\" width=\"800\" height=\"532\" alt=\"\" class=\"wp-image-4416 alignleft size-full\" srcset=\"https:\/\/www.slavonski-planinari.hr\/arhiva\/wp-content\/uploads\/2023\/01\/hpd-papuk-izlet-papuk_00002.jpg 800w, https:\/\/www.slavonski-planinari.hr\/arhiva\/wp-content\/uploads\/2023\/01\/hpd-papuk-izlet-papuk_00002-480x319.jpg 480w\" sizes=\"(min-width: 0px) and (max-width: 480px) 480px, (min-width: 481px) 800px, 100vw\" \/><\/a>Tre\u0107i ovogodi\u0161nji izlet, a prvi u velja\u010di, po Planu dru\u0161tvenih izleta HPD \u201ePapuk\u201c, odr\u017ean je 10. velja\u010de 2019. godine kada su se punim autobusom i dva osobna vozila uputili planinari iz Virovitice, ve\u0107 u jutro od 7 sati sa ve\u0107 tradicionalnog mjesta polaska ispred zgrade Viroviti\u010dko-podravske \u017eupanije, prema Parku prirode Papuk i izleti\u0161tu Jankovac.<\/p>\n<\/div>\n<div class=\"itemFullText\">\n<p>Tridesetak planinara HPD \u201ePapuk\u201c i dva psa prehodalo je oko 14 km, a polazak je bio od planinarskog doma Jankovac.<\/p>\n<p>Kretali su se planinarskim stazama preko Jezerca do Nevolja\u0161a (HGSS ku\u0107a) gdje se obavezno napravila jo\u0161 jedna u nizu grupnih fotografija i to na vrhu Nevolja\u0161 740 m, kod vidikovca.<\/p>\n<p>Ovdje se manja grupa dru\u0161tva odvojila i po dogovoru krenula put Jankovca kako bi obi\u0161li i Grofovu stazu.<\/p>\n<p><img loading=\"lazy\" decoding=\"async\" src=\"https:\/\/www.slavonski-planinari.hr\/arhiva\/wp-content\/uploads\/2023\/01\/hpd-papuk-izlet-papuk_00001.jpg\" width=\"800\" height=\"600\" alt=\"\" class=\"wp-image-4415 aligncenter size-full\" srcset=\"https:\/\/www.slavonski-planinari.hr\/arhiva\/wp-content\/uploads\/2023\/01\/hpd-papuk-izlet-papuk_00001.jpg 800w, https:\/\/www.slavonski-planinari.hr\/arhiva\/wp-content\/uploads\/2023\/01\/hpd-papuk-izlet-papuk_00001-480x360.jpg 480w\" sizes=\"(min-width: 0px) and (max-width: 480px) 480px, (min-width: 481px) 800px, 100vw\" \/><\/p>\n<p>Nakon kratkog odmora i okrijepe ve\u0107a grupa je nastavila put do An\u0111ine barake (spomenik poginulim braniteljima) i drugog vrha Papuka, Iva\u010dke glave 913 m.<\/p>\n<p>Nakon u\u017eivanja u pogledu, smijehu i dobrom dru\u0161tvu te obnove energije nastavili su put sa Iva\u010dke glave do Ko\u017ei\u0107 hrasta (708 m), preko predjela Sokolina sve do po\u010detne to\u010dke na Jankovcu, gdje su odmarali te u\u017eivali u gastronomskim specijalitetima.<\/p>\n<p>Za sve one koji se pitaju koliko i na kojoj nadmorskoj visina jo\u0161 ima snijega, planinari Kristijan i Tomislav, pa\u017eljivo su evidentirali i ustanovili da se snje\u017eni pokriva\u010d (ne krpice i tragovi snijega) zadr\u017eao na visinama iznad 750 m i to sa sjeverne strane Papuka. Snje\u017eni pokriva\u010d mjestimice je deblji od 15 cm.<\/p>\n<p><img loading=\"lazy\" decoding=\"async\" src=\"https:\/\/www.slavonski-planinari.hr\/arhiva\/wp-content\/uploads\/2023\/01\/hpd-papuk-izlet-papuk_00003.jpg\" width=\"800\" height=\"600\" alt=\"\" class=\"wp-image-4417 aligncenter size-full\" srcset=\"https:\/\/www.slavonski-planinari.hr\/arhiva\/wp-content\/uploads\/2023\/01\/hpd-papuk-izlet-papuk_00003.jpg 800w, https:\/\/www.slavonski-planinari.hr\/arhiva\/wp-content\/uploads\/2023\/01\/hpd-papuk-izlet-papuk_00003-480x360.jpg 480w\" sizes=\"(min-width: 0px) and (max-width: 480px) 480px, (min-width: 481px) 800px, 100vw\" \/><\/p>\n<p>Cilj ovog planinarenja je ispunjen jer su svi planinari u\u017eivali u prirodi i dobrom dru\u0161tvu i to sve u Parku prirode Papuk kre\u0107u\u0107i se i dionicom trase Slavonskog planinarskog puta.<\/p>\n<p>Bio je to i prvi ve\u0107i izlet pod vodstvom vodi\u010da pripravnika Kristijana i Tijane uz pratnju iskusnog vodi\u010da i dopredsjednika dru\u0161tva, Vladimira.&#8221;<\/p>\n<p>M. Ripli<\/p>\n<\/div>\n<p>[\/et_pb_text][\/et_pb_column][\/et_pb_row][\/et_pb_section]<\/p>\n","protected":false},"excerpt":{"rendered":"<p>Tre\u0107i ovogodi\u0161nji izlet, a prvi u velja\u010di, po Planu dru\u0161tvenih izleta HPD \u201ePapuk\u201c, odr\u017ean je 10. velja\u010de 2019. godine kada su se punim autobusom i dva osobna vozila uputili planinari iz Virovitice, ve\u0107 u jutro od 7 sati sa ve\u0107 tradicionalnog mjesta polaska ispred zgrade Viroviti\u010dko-podravske \u017eupanije, prema Parku prirode Papuk i izleti\u0161tu Jankovac. Tridesetak [&hellip;]<\/p>\n","protected":false},"author":1,"featured_media":0,"comment_status":"closed","ping_status":"open","sticky":false,"template":"","format":"standard","meta":{"_et_pb_use_builder":"on","_et_pb_old_content":"","_et_gb_content_width":"1080","footnotes":""},"categories":[33],"tags":[],"class_list":["post-4413","post","type-post","status-publish","format-standard","hentry","category-33"],"_links":{"self":[{"href":"https:\/\/www.slavonski-planinari.hr\/arhiva\/wp-json\/wp\/v2\/posts\/4413","targetHints":{"allow":["GET"]}}],"collection":[{"href":"https:\/\/www.slavonski-planinari.hr\/arhiva\/wp-json\/wp\/v2\/posts"}],"about":[{"href":"https:\/\/www.slavonski-planinari.hr\/arhiva\/wp-json\/wp\/v2\/types\/post"}],"author":[{"embeddable":true,"href":"https:\/\/www.slavonski-planinari.hr\/arhiva\/wp-json\/wp\/v2\/users\/1"}],"replies":[{"embeddable":true,"href":"https:\/\/www.slavonski-planinari.hr\/arhiva\/wp-json\/wp\/v2\/comments?post=4413"}],"version-history":[{"count":0,"href":"https:\/\/www.slavonski-planinari.hr\/arhiva\/wp-json\/wp\/v2\/posts\/4413\/revisions"}],"wp:attachment":[{"href":"https:\/\/www.slavonski-planinari.hr\/arhiva\/wp-json\/wp\/v2\/media?parent=4413"}],"wp:term":[{"taxonomy":"category","embeddable":true,"href":"https:\/\/www.slavonski-planinari.hr\/arhiva\/wp-json\/wp\/v2\/categories?post=4413"},{"taxonomy":"post_tag","embeddable":true,"href":"https:\/\/www.slavonski-planinari.hr\/arhiva\/wp-json\/wp\/v2\/tags?post=4413"}],"curies":[{"name":"wp","href":"https:\/\/api.w.org\/{rel}","templated":true}]}}