{"id":4394,"date":"2019-02-12T12:44:00","date_gmt":"2019-02-12T11:44:00","guid":{"rendered":"https:\/\/www.slavonski-planinari.hr\/arhiva\/?p=4394"},"modified":"2023-01-27T12:47:20","modified_gmt":"2023-01-27T11:47:20","slug":"40-rodendan-pd-dakovo-foto","status":"publish","type":"post","link":"https:\/\/www.slavonski-planinari.hr\/arhiva\/40-rodendan-pd-dakovo-foto\/","title":{"rendered":"40. ro\u0111endan PD \u0110akovo [FOTO]"},"content":{"rendered":"<p>[et_pb_section fb_built=&#8221;1&#8243; theme_builder_area=&#8221;post_content&#8221; _builder_version=&#8221;4.19.5&#8243; _module_preset=&#8221;default&#8221;][et_pb_row _builder_version=&#8221;4.19.5&#8243; _module_preset=&#8221;default&#8221; theme_builder_area=&#8221;post_content&#8221;][et_pb_column _builder_version=&#8221;4.19.5&#8243; _module_preset=&#8221;default&#8221; type=&#8221;4_4&#8243; theme_builder_area=&#8221;post_content&#8221;][et_pb_text _builder_version=&#8221;4.19.5&#8243; _module_preset=&#8221;default&#8221; theme_builder_area=&#8221;post_content&#8221; hover_enabled=&#8221;0&#8243; sticky_enabled=&#8221;0&#8243;]<\/p>\n<p style=\"text-align: justify;\">Planinarsko dru\u0161tvo \u0110akovo je osnovano 19. sije\u010dnja 1979. i ovih dana proslavlja svoj 40. ro\u0111endan. Cijela 2019. \u0107e biti u znaku tog jubileja. Prva doga\u0111anja su ve\u0107 za nama.<\/p>\n<p style=\"text-align: justify;\">Planinarska godina je zapo\u010dela u nedjelju, 6. sije\u010dnja, tradicionalnom akcijom &#8220;Tri kralja na Boroviku&#8221;, ovaj puta s posebnom naznakom na\u0161e obljetnice. Okupilo se 80-ak sudionika iz susjednih PD. Neki su hodali po Krakatim brdima i tragom \u0161umske \u017eeljeznice, neki do\u0161li i oti\u0161li pje\u0161ice a neki u\u017eivali \u0161etnjom uz jezero. Kuhanog vina je bilo dovoljno pa je uz dobro raspolo\u017eenje sviralo i pjevalo.<\/p>\n<p style=\"text-align: justify;\">U petak, 18. sije\u010dnja, u Gradskoj knji\u017enici i \u010ditaonici, predstavljena je knjiga Mire Laya: U svom svijetu. Osamdesetak prisutnih se jedva smjestilo u prostor \u010ditaonice a nakon predstavljanja su mnogi po\u017eeljeli kupiti knjigu s posvetom autora.<\/p>\n<p style=\"text-align: justify;\">Slijede\u0107eg dana, 19. sije\u010dnja &#8211; na sam ro\u0111endan, u predvorju kina je otvorena tradicionalna godi\u0161nja izlo\u017eba fotografija PD \u0110akovo. Fotografije prikazuju aktivnosti u prethodnoj godini a autori su \u010dlanovi dru\u0161tva. Izlo\u017eba je, kao i godinama do sada, bogata motivima prikazanim na 14 velikih i srednjih pove\u0107anja (B1 i B2) te 60 samostalnih ili zbirnih panoa A3 formata. Nakon otvorenja i razgledavanja izlo\u017ebe, uprili\u010dena je jednosatna projekcija filmova o 5. amaterskom triatlonu, kojega organizira PD \u0110akovo po\u010detkom srpnja na i oko jezera Borovik, te o pohodu 8 \u010dlanova na Elbrus u ljeto 2018.<\/p>\n<p style=\"text-align: justify;\">Isto ve\u010de je odr\u017eana Izvje\u0161tajna i sve\u010dana Skup\u0161tina Dru\u0161tva na kojoj su uru\u010dena priznanja zaslu\u017enim \u010dlanovima. Godi\u0161nje priznanje za poseban doprinos u radu dobio je Stjepan Bari\u0161i\u0107, za planinarski uspjeh svi \u010dlanovi koji su se uspje\u0161no svladali visinu Elbrusa: Ivan Bali\u010devi\u0107, Marija Kelava, Zoran Novkovi\u0107, \u017deljko Sablji\u0107, Darko Tosenberger, Leo Tosenberger, Ivan Zirdum i Dragan Juri\u0107 kao pridru\u017eeni \u010dlan. Posebno priznanje za pokretanje sportsko penja\u010dkih aktivnosti, dok je \u017eivio u \u0110akovu i bio \u010dlan Dru\u0161tva, primio je Miljenko Vukadinovi\u0107 a Zlatno Priznanje uz spomenicu 40 godina Miro Lay i Lidija Tosenberger \u2013 osniva\u010di PD \u0110akovo koji su \u010dlanovi, bez prekida, do danas.<\/p>\n<p style=\"text-align: justify;\">Uz ta priznanja, predsjednik IO HPS, Vladimir Novak je uru\u010dio priznanja s bron\u010danim znakom HPS Gordanu Jurkovi\u0107u, Mariu Pinjuhu, Darku Platu\u017ei\u0107u i Ivanu Zirdumu; sa srebrnim znakom Jasni i Nenadu Kalmanu te sa zlatnim znakom Otmaru Tosenbergeru.<\/p>\n<p style=\"text-align: justify;\">\u010cetrdeseta obljetnica je obilje\u017eena sa\u017eetim presjekom rada Dru\u0161tva od osnutka do danas te sje\u0107anjima Mire Laya- osniva\u010da Dru\u0161tva i \u017deljka Sablji\u0107a (Kikija)- u svoje i u ime mla\u0111e generacije \u010dlanova. Slijedile su pozdravne rije\u010di gostiju iz slavonskih planinarskih dru\u0161tava. Uz pripremu za ve\u010deru prikazan je izbor dia pozitiva iz prvih godina rada Dru\u0161tva, albumi s fotografijama su kru\u017eili dvoranom, zidovi su ukra\u0161eni velikim fotografijama, zastavama Dru\u0161tva, starim gojzericama, ruksacima i drugim dijelovima opreme. Dru\u017eenje i zabavu koja je slijedila dopunilo je iznena\u0111enje ve\u010deri \u2013 ro\u0111endanski vatromet.<\/p>\n<p style=\"text-align: justify;\">Ovog prolje\u0107a je planirano je izdati prigodnu foto monografiju te ju promovirati izlo\u017ebom o 40 godina i danom otvorenih vrata. Tijekom godine su za \u0161iru javnost planirana predavanja i projekcije na\u0161ih \u010dlanova i gostiju. Ovogodi\u0161nji 6. amaterski triatlon, a naro\u010dito 69. Dan slavonskih planinara (8. rujna, na Boroviku), bit \u0107e tako\u0111er posve\u0107eni jubileju na koji smo itekako ponosni.<\/p>\n<p style=\"text-align: right;\">Otmar Tosenberger<\/p>\n<p>[\/et_pb_text][et_pb_gallery _builder_version=&#8221;4.19.5&#8243; _module_preset=&#8221;default&#8221; theme_builder_area=&#8221;post_content&#8221; gallery_ids=&#8221;4396,4397,4398,4399,4400,4401,4402,4403,4404,4405,4406,4407,4408,4409,4410,4411&#8243; posts_number=&#8221;16&#8243; show_title_and_caption=&#8221;off&#8221; hover_enabled=&#8221;0&#8243; sticky_enabled=&#8221;0&#8243;][\/et_pb_gallery][\/et_pb_column][\/et_pb_row][\/et_pb_section]<\/p>\n","protected":false},"excerpt":{"rendered":"<p>Planinarsko dru\u0161tvo \u0110akovo je osnovano 19. sije\u010dnja 1979. i ovih dana proslavlja svoj 40. ro\u0111endan. Cijela 2019. \u0107e biti u znaku tog jubileja. Prva doga\u0111anja su ve\u0107 za nama. Planinarska godina je zapo\u010dela u nedjelju, 6. sije\u010dnja, tradicionalnom akcijom &#8220;Tri kralja na Boroviku&#8221;, ovaj puta s posebnom naznakom na\u0161e obljetnice. Okupilo se 80-ak sudionika iz [&hellip;]<\/p>\n","protected":false},"author":1,"featured_media":0,"comment_status":"closed","ping_status":"open","sticky":false,"template":"","format":"standard","meta":{"_et_pb_use_builder":"on","_et_pb_old_content":"","_et_gb_content_width":"1080","footnotes":""},"categories":[33],"tags":[],"class_list":["post-4394","post","type-post","status-publish","format-standard","hentry","category-33"],"_links":{"self":[{"href":"https:\/\/www.slavonski-planinari.hr\/arhiva\/wp-json\/wp\/v2\/posts\/4394","targetHints":{"allow":["GET"]}}],"collection":[{"href":"https:\/\/www.slavonski-planinari.hr\/arhiva\/wp-json\/wp\/v2\/posts"}],"about":[{"href":"https:\/\/www.slavonski-planinari.hr\/arhiva\/wp-json\/wp\/v2\/types\/post"}],"author":[{"embeddable":true,"href":"https:\/\/www.slavonski-planinari.hr\/arhiva\/wp-json\/wp\/v2\/users\/1"}],"replies":[{"embeddable":true,"href":"https:\/\/www.slavonski-planinari.hr\/arhiva\/wp-json\/wp\/v2\/comments?post=4394"}],"version-history":[{"count":0,"href":"https:\/\/www.slavonski-planinari.hr\/arhiva\/wp-json\/wp\/v2\/posts\/4394\/revisions"}],"wp:attachment":[{"href":"https:\/\/www.slavonski-planinari.hr\/arhiva\/wp-json\/wp\/v2\/media?parent=4394"}],"wp:term":[{"taxonomy":"category","embeddable":true,"href":"https:\/\/www.slavonski-planinari.hr\/arhiva\/wp-json\/wp\/v2\/categories?post=4394"},{"taxonomy":"post_tag","embeddable":true,"href":"https:\/\/www.slavonski-planinari.hr\/arhiva\/wp-json\/wp\/v2\/tags?post=4394"}],"curies":[{"name":"wp","href":"https:\/\/api.w.org\/{rel}","templated":true}]}}