{"id":4380,"date":"2019-02-10T09:17:00","date_gmt":"2019-02-10T08:17:00","guid":{"rendered":"https:\/\/www.slavonski-planinari.hr\/arhiva\/?p=4380"},"modified":"2023-01-26T09:18:52","modified_gmt":"2023-01-26T08:18:52","slug":"03-03-2019-srimusijada","status":"publish","type":"post","link":"https:\/\/www.slavonski-planinari.hr\/arhiva\/03-03-2019-srimusijada\/","title":{"rendered":"03.03.2019. &#8211; Srimu\u0161ijada"},"content":{"rendered":"<p>[et_pb_section fb_built=&#8221;1&#8243; theme_builder_area=&#8221;post_content&#8221; _builder_version=&#8221;4.19.5&#8243; _module_preset=&#8221;default&#8221; custom_padding=&#8221;||579px|||&#8221;][et_pb_row _builder_version=&#8221;4.19.5&#8243; _module_preset=&#8221;default&#8221; theme_builder_area=&#8221;post_content&#8221;][et_pb_column _builder_version=&#8221;4.19.5&#8243; _module_preset=&#8221;default&#8221; type=&#8221;4_4&#8243; theme_builder_area=&#8221;post_content&#8221;][et_pb_text _builder_version=&#8221;4.19.5&#8243; _module_preset=&#8221;default&#8221; theme_builder_area=&#8221;post_content&#8221; hover_enabled=&#8221;0&#8243; sticky_enabled=&#8221;0&#8243;]<\/p>\n<ul>\n<li>03.03. nedjelja &#8211; &#8220;Srimu\u0161ijada&#8221; na Nevolja\u0161u, PD Mali\u0161\u0107ak, Velika<br \/>(Mario Peri\u0107, mob. 098\/160 4468 e-mail:\u00a0<span id=\"cloakc2215d731b81f63c2943358b6f8ce4d3\"><span id=\"cloaka104072b3eaeca737a90c5d577577c5d\"><a href=\"mailto:mperic2@gmail.com\">mperic2@gmail.com<\/a><\/span><\/span>)<\/li>\n<\/ul>\n<p>[\/et_pb_text][\/et_pb_column][\/et_pb_row][\/et_pb_section]<\/p>\n","protected":false},"excerpt":{"rendered":"<p>03.03. nedjelja &#8211; &#8220;Srimu\u0161ijada&#8221; na Nevolja\u0161u, PD Mali\u0161\u0107ak, Velika(Mario Peri\u0107, mob. 098\/160 4468 e-mail:\u00a0mperic2@gmail.com)<\/p>\n","protected":false},"author":1,"featured_media":0,"comment_status":"closed","ping_status":"open","sticky":false,"template":"","format":"standard","meta":{"_et_pb_use_builder":"on","_et_pb_old_content":"","_et_gb_content_width":"1080","footnotes":""},"categories":[33],"tags":[],"class_list":["post-4380","post","type-post","status-publish","format-standard","hentry","category-33"],"_links":{"self":[{"href":"https:\/\/www.slavonski-planinari.hr\/arhiva\/wp-json\/wp\/v2\/posts\/4380","targetHints":{"allow":["GET"]}}],"collection":[{"href":"https:\/\/www.slavonski-planinari.hr\/arhiva\/wp-json\/wp\/v2\/posts"}],"about":[{"href":"https:\/\/www.slavonski-planinari.hr\/arhiva\/wp-json\/wp\/v2\/types\/post"}],"author":[{"embeddable":true,"href":"https:\/\/www.slavonski-planinari.hr\/arhiva\/wp-json\/wp\/v2\/users\/1"}],"replies":[{"embeddable":true,"href":"https:\/\/www.slavonski-planinari.hr\/arhiva\/wp-json\/wp\/v2\/comments?post=4380"}],"version-history":[{"count":0,"href":"https:\/\/www.slavonski-planinari.hr\/arhiva\/wp-json\/wp\/v2\/posts\/4380\/revisions"}],"wp:attachment":[{"href":"https:\/\/www.slavonski-planinari.hr\/arhiva\/wp-json\/wp\/v2\/media?parent=4380"}],"wp:term":[{"taxonomy":"category","embeddable":true,"href":"https:\/\/www.slavonski-planinari.hr\/arhiva\/wp-json\/wp\/v2\/categories?post=4380"},{"taxonomy":"post_tag","embeddable":true,"href":"https:\/\/www.slavonski-planinari.hr\/arhiva\/wp-json\/wp\/v2\/tags?post=4380"}],"curies":[{"name":"wp","href":"https:\/\/api.w.org\/{rel}","templated":true}]}}