{"id":4373,"date":"2019-02-03T09:09:00","date_gmt":"2019-02-03T08:09:00","guid":{"rendered":"https:\/\/www.slavonski-planinari.hr\/arhiva\/?p=4373"},"modified":"2023-01-26T09:11:12","modified_gmt":"2023-01-26T08:11:12","slug":"preminula-jasna-kosovic-1937-2019","status":"publish","type":"post","link":"https:\/\/www.slavonski-planinari.hr\/arhiva\/preminula-jasna-kosovic-1937-2019\/","title":{"rendered":"Preminula Jasna Kosovi\u0107 (1937. &#8211; 2019.)"},"content":{"rendered":"<p>[et_pb_section fb_built=&#8221;1&#8243; theme_builder_area=&#8221;post_content&#8221; _builder_version=&#8221;4.19.5&#8243; _module_preset=&#8221;default&#8221;][et_pb_row _builder_version=&#8221;4.19.5&#8243; _module_preset=&#8221;default&#8221; theme_builder_area=&#8221;post_content&#8221;][et_pb_column _builder_version=&#8221;4.19.5&#8243; _module_preset=&#8221;default&#8221; type=&#8221;4_4&#8243; theme_builder_area=&#8221;post_content&#8221;][et_pb_text _builder_version=&#8221;4.19.5&#8243; _module_preset=&#8221;default&#8221; theme_builder_area=&#8221;post_content&#8221; hover_enabled=&#8221;0&#8243; sticky_enabled=&#8221;0&#8243;]<\/p>\n<div class=\"itemIntroText\">\n<p><img loading=\"lazy\" decoding=\"async\" src=\"https:\/\/www.slavonski-planinari.hr\/arhiva\/wp-content\/uploads\/2023\/01\/jasna-kosovic.jpg\" width=\"120\" height=\"111\" alt=\"\" class=\"wp-image-4375 alignleft size-full\" \/>Prenosimo informaciju Komisije za planinarske putove HPS:<\/p>\n<p>S tugom u srcu javljamo da nas je zauvijek napustila dugogodi\u0161nja pro\u010delnica Komisije i vrijedna planinarska aktivistica, gospo\u0111a Jasna Kosovi\u0107.<\/p>\n<p>Posljednji ispra\u0107aj drage pokojnice je na krematoriju, u utorak, 5. velja\u010de 2019. u 10:15.<\/p>\n<\/div>\n<div class=\"itemFullText\">\n<p>Neka po\u010diva u miru na beskrajnim nebeskim proplancima!<\/p>\n<p>&#8230;&#8230;&#8230;&#8230;&#8230;&#8230;&#8230;..<\/p>\n<p>vi\u0161e na:<span>\u00a0<\/span><a href=\"https:\/\/www.hps.hr\/vijesti\/9361\/preminula-jasna-kosovic\/\" target=\"_blank\" rel=\"noopener noreferrer\">hps.hr<\/a><\/p>\n<p>&#8230;&#8230;&#8230;&#8230;&#8230;&#8230;&#8230;&#8230;<\/p>\n<p>Jasna Kosovi\u0107 je posebno vezana za nas, kao povjerenik KPP HPS za podru\u010dje Slavonije. Sura\u0111ivala je s na\u0161im markacistima kao nadzornik i suradnik, sura\u0111ivala oko odr\u017eavanja odr\u017eavanja putova te starih i otvaranja novih obilaznica, snimila GPS trag cijelog SPPa i drugih planinarskih putova u Slavoniji. Organizirala je i vodila te\u010dajeve za na\u0161e markaciste.<\/p>\n<p style=\"text-align: center;\">Veliko HVALA za sve!<\/p>\n<\/div>\n<p>[\/et_pb_text][\/et_pb_column][\/et_pb_row][\/et_pb_section]<\/p>\n","protected":false},"excerpt":{"rendered":"<p>Prenosimo informaciju Komisije za planinarske putove HPS: S tugom u srcu javljamo da nas je zauvijek napustila dugogodi\u0161nja pro\u010delnica Komisije i vrijedna planinarska aktivistica, gospo\u0111a Jasna Kosovi\u0107. Posljednji ispra\u0107aj drage pokojnice je na krematoriju, u utorak, 5. velja\u010de 2019. u 10:15. Neka po\u010diva u miru na beskrajnim nebeskim proplancima! &#8230;&#8230;&#8230;&#8230;&#8230;&#8230;&#8230;.. vi\u0161e na:\u00a0hps.hr &#8230;&#8230;&#8230;&#8230;&#8230;&#8230;&#8230;&#8230; Jasna Kosovi\u0107 [&hellip;]<\/p>\n","protected":false},"author":1,"featured_media":0,"comment_status":"closed","ping_status":"open","sticky":false,"template":"","format":"standard","meta":{"_et_pb_use_builder":"on","_et_pb_old_content":"","_et_gb_content_width":"1080","footnotes":""},"categories":[33],"tags":[],"class_list":["post-4373","post","type-post","status-publish","format-standard","hentry","category-33"],"_links":{"self":[{"href":"https:\/\/www.slavonski-planinari.hr\/arhiva\/wp-json\/wp\/v2\/posts\/4373","targetHints":{"allow":["GET"]}}],"collection":[{"href":"https:\/\/www.slavonski-planinari.hr\/arhiva\/wp-json\/wp\/v2\/posts"}],"about":[{"href":"https:\/\/www.slavonski-planinari.hr\/arhiva\/wp-json\/wp\/v2\/types\/post"}],"author":[{"embeddable":true,"href":"https:\/\/www.slavonski-planinari.hr\/arhiva\/wp-json\/wp\/v2\/users\/1"}],"replies":[{"embeddable":true,"href":"https:\/\/www.slavonski-planinari.hr\/arhiva\/wp-json\/wp\/v2\/comments?post=4373"}],"version-history":[{"count":0,"href":"https:\/\/www.slavonski-planinari.hr\/arhiva\/wp-json\/wp\/v2\/posts\/4373\/revisions"}],"wp:attachment":[{"href":"https:\/\/www.slavonski-planinari.hr\/arhiva\/wp-json\/wp\/v2\/media?parent=4373"}],"wp:term":[{"taxonomy":"category","embeddable":true,"href":"https:\/\/www.slavonski-planinari.hr\/arhiva\/wp-json\/wp\/v2\/categories?post=4373"},{"taxonomy":"post_tag","embeddable":true,"href":"https:\/\/www.slavonski-planinari.hr\/arhiva\/wp-json\/wp\/v2\/tags?post=4373"}],"curies":[{"name":"wp","href":"https:\/\/api.w.org\/{rel}","templated":true}]}}