{"id":4369,"date":"2019-01-29T09:07:00","date_gmt":"2019-01-29T08:07:00","guid":{"rendered":"https:\/\/www.slavonski-planinari.hr\/arhiva\/?p=4369"},"modified":"2023-01-26T09:09:08","modified_gmt":"2023-01-26T08:09:08","slug":"planinarska-predavanja","status":"publish","type":"post","link":"https:\/\/www.slavonski-planinari.hr\/arhiva\/planinarska-predavanja\/","title":{"rendered":"Planinarska predavanja"},"content":{"rendered":"<p>[et_pb_section fb_built=&#8221;1&#8243; theme_builder_area=&#8221;post_content&#8221; _builder_version=&#8221;4.19.5&#8243; _module_preset=&#8221;default&#8221; custom_padding=&#8221;||297px|||&#8221;][et_pb_row _builder_version=&#8221;4.19.5&#8243; _module_preset=&#8221;default&#8221; theme_builder_area=&#8221;post_content&#8221;][et_pb_column _builder_version=&#8221;4.19.5&#8243; _module_preset=&#8221;default&#8221; type=&#8221;4_4&#8243; theme_builder_area=&#8221;post_content&#8221;][et_pb_text _builder_version=&#8221;4.19.5&#8243; _module_preset=&#8221;default&#8221; theme_builder_area=&#8221;post_content&#8221; hover_enabled=&#8221;0&#8243; sticky_enabled=&#8221;0&#8243;]<\/p>\n<div class=\"itemIntroText\">\n<p style=\"text-align: justify;\"><img loading=\"lazy\" decoding=\"async\" src=\"https:\/\/www.slavonski-planinari.hr\/arhiva\/wp-content\/uploads\/2023\/01\/pozivnica.jpg\" width=\"170\" height=\"97\" alt=\"\" class=\"wp-image-4371 alignleft size-full\" \/>HPD Br\u0161ljan-Jankovac, Osijek, poziva vas da se pridru\u017eite predavanjima koja \u0107e se odr\u017eati u predavaonici Gra\u0111evinskog i arhitektonskog fakulteta u Osijeku, Ul. Vladimira Preloga 3.<\/p>\n<p style=\"text-align: justify;\">\n<p style=\"text-align: justify;\">\n<p style=\"text-align: justify;\">\n<p style=\"text-align: justify;\">\n<\/div>\n<div class=\"itemFullText\">\n<p style=\"text-align: justify;\">1. predavanje odr\u017eat \u0107e se u \u010detvrtak, 7. velja\u010de 2019. s po\u010detkom u 17:45 sati. Gost predava\u010d je Stanko Kereta, HPD Br\u0161ljan-Jankovac, Osijek, a tema je &#8220;Veli\u010danstveni u akciji&#8221;.<\/p>\n<p style=\"text-align: justify;\">2. predavanje odr\u017eat \u0107e Ivo Lubina, DPP Lipa Od\u017eak, u srijedu 13. velja\u010de 2019. s po\u010detkom u 18:00 sati. Tema predavanja je &#8220;Moj korak u Himalaji&#8221;.<\/p>\n<p style=\"text-align: justify;\">3. predavanje odr\u017eat \u0107e se u srijedu 20. velja\u010de 2019. s po\u010detkom u 18:00 sati. Predava\u010di su Kre\u0161imir Burazih, HPD Br\u0161ljan-Jankovac, Osijek i HGSS Osijek, a tema je &#8220;Iskustva u visokim Alpama&#8221;.<\/p>\n<p style=\"text-align: justify;\">4. i zadnja tema odr\u017eat \u0107e se u srijedu 27. velja\u010de 2019. godine s po\u010detkom u 18:00 sati, a predavaje na temu &#8220;Uspon na Olimp&#8221; odr\u017eat \u0107e Borivoje Veljkovi\u0107, PSD Po\u0161tar, Novi Sad.<\/p>\n<\/div>\n<p>[\/et_pb_text][\/et_pb_column][\/et_pb_row][\/et_pb_section]<\/p>\n","protected":false},"excerpt":{"rendered":"<p>HPD Br\u0161ljan-Jankovac, Osijek, poziva vas da se pridru\u017eite predavanjima koja \u0107e se odr\u017eati u predavaonici Gra\u0111evinskog i arhitektonskog fakulteta u Osijeku, Ul. Vladimira Preloga 3. 1. predavanje odr\u017eat \u0107e se u \u010detvrtak, 7. velja\u010de 2019. s po\u010detkom u 17:45 sati. Gost predava\u010d je Stanko Kereta, HPD Br\u0161ljan-Jankovac, Osijek, a tema je &#8220;Veli\u010danstveni u akciji&#8221;. 2. [&hellip;]<\/p>\n","protected":false},"author":1,"featured_media":0,"comment_status":"closed","ping_status":"open","sticky":false,"template":"","format":"standard","meta":{"_et_pb_use_builder":"on","_et_pb_old_content":"","_et_gb_content_width":"1080","footnotes":""},"categories":[33],"tags":[],"class_list":["post-4369","post","type-post","status-publish","format-standard","hentry","category-33"],"_links":{"self":[{"href":"https:\/\/www.slavonski-planinari.hr\/arhiva\/wp-json\/wp\/v2\/posts\/4369","targetHints":{"allow":["GET"]}}],"collection":[{"href":"https:\/\/www.slavonski-planinari.hr\/arhiva\/wp-json\/wp\/v2\/posts"}],"about":[{"href":"https:\/\/www.slavonski-planinari.hr\/arhiva\/wp-json\/wp\/v2\/types\/post"}],"author":[{"embeddable":true,"href":"https:\/\/www.slavonski-planinari.hr\/arhiva\/wp-json\/wp\/v2\/users\/1"}],"replies":[{"embeddable":true,"href":"https:\/\/www.slavonski-planinari.hr\/arhiva\/wp-json\/wp\/v2\/comments?post=4369"}],"version-history":[{"count":0,"href":"https:\/\/www.slavonski-planinari.hr\/arhiva\/wp-json\/wp\/v2\/posts\/4369\/revisions"}],"wp:attachment":[{"href":"https:\/\/www.slavonski-planinari.hr\/arhiva\/wp-json\/wp\/v2\/media?parent=4369"}],"wp:term":[{"taxonomy":"category","embeddable":true,"href":"https:\/\/www.slavonski-planinari.hr\/arhiva\/wp-json\/wp\/v2\/categories?post=4369"},{"taxonomy":"post_tag","embeddable":true,"href":"https:\/\/www.slavonski-planinari.hr\/arhiva\/wp-json\/wp\/v2\/tags?post=4369"}],"curies":[{"name":"wp","href":"https:\/\/api.w.org\/{rel}","templated":true}]}}