{"id":4365,"date":"2019-01-25T09:03:00","date_gmt":"2019-01-25T08:03:00","guid":{"rendered":"https:\/\/www.slavonski-planinari.hr\/arhiva\/?p=4365"},"modified":"2023-01-26T09:05:54","modified_gmt":"2023-01-26T08:05:54","slug":"visokogorski-tecaj","status":"publish","type":"post","link":"https:\/\/www.slavonski-planinari.hr\/arhiva\/visokogorski-tecaj\/","title":{"rendered":"Visokogorski te\u010daj"},"content":{"rendered":"<p>[et_pb_section fb_built=&#8221;1&#8243; theme_builder_area=&#8221;post_content&#8221; _builder_version=&#8221;4.19.5&#8243; _module_preset=&#8221;default&#8221; custom_padding=&#8221;||304px|||&#8221;][et_pb_row _builder_version=&#8221;4.19.5&#8243; _module_preset=&#8221;default&#8221; theme_builder_area=&#8221;post_content&#8221;][et_pb_column _builder_version=&#8221;4.19.5&#8243; _module_preset=&#8221;default&#8221; type=&#8221;4_4&#8243; theme_builder_area=&#8221;post_content&#8221;][et_pb_text _builder_version=&#8221;4.19.5&#8243; _module_preset=&#8221;default&#8221; theme_builder_area=&#8221;post_content&#8221; hover_enabled=&#8221;0&#8243; sticky_enabled=&#8221;0&#8243;]<\/p>\n<div class=\"itemIntroText\">\n<p style=\"text-align: justify;\"><img loading=\"lazy\" decoding=\"async\" src=\"https:\/\/www.slavonski-planinari.hr\/arhiva\/wp-content\/uploads\/2023\/01\/visokogorstvo.jpg\" width=\"171\" height=\"114\" alt=\"\" class=\"wp-image-4367 alignleft size-full\" \/>Nedavno osnovani Odsjek za visokogorstvo pri udruzi Slavonski planinari ove godine planira odr\u017eati 2. slavonski visokogorski te\u010daj za sve planinare koji imaju zavr\u0161enu op\u0107u planinarsku \u0161kolu i dovoljno iskustva u planinama, a zainteresirani su za planinarenje po visokom gorju.<\/p>\n<\/div>\n<div class=\"itemFullText\">\n<p style=\"text-align: justify;\">Broj sudionika te\u010daja je ograni\u010den na 20 osoba radi \u0161to uspje\u0161nijeg i kvalitetnijeg provo\u0111enja istog. Samim time cijena te\u010daja \u0107e biti oko 900 kn po osobi. Instruktori te\u010daja \u0107e biti \u010dlanovi HGSS stanica i vodi\u010di instruktori pod vodstvom Dra\u017eena Mlinari\u0107a.<\/p>\n<p style=\"text-align: justify;\">Ovim putem vas molim da obavijest proslijedite zainteresiranim \u010dlanovima svoga dru\u0161tva. Isti se trebaju sami ili grupno (s imenima i kontaktima) javiti radi utvr\u0111ivanja interesa te daljnjih dogovora oko realizacije te\u010daja, najkasnije do 1.2.2019. na:<\/p>\n<p style=\"text-align: justify;\"><span id=\"cloak14865f3f0df7120f0bc3b8bdfc5ca320\"><a href=\"mailto:odsjekzavisokogorstvo@gmail.com\">odsjekzavisokogorstvo@gmail.com<\/a><\/span><\/p>\n<p style=\"text-align: justify;\">Oni koji iska\u017eu interes \u0107e dobiti detaljnije informacije o te\u010daju na svoje e-mail adrese.<\/p>\n<p style=\"text-align: right;\">Lijep pozdrav,<br \/>Marija Kelava, pro\u010delnica Odsjeka,<\/p>\n<\/div>\n<p>[\/et_pb_text][\/et_pb_column][\/et_pb_row][\/et_pb_section]<\/p>\n","protected":false},"excerpt":{"rendered":"<p>Nedavno osnovani Odsjek za visokogorstvo pri udruzi Slavonski planinari ove godine planira odr\u017eati 2. slavonski visokogorski te\u010daj za sve planinare koji imaju zavr\u0161enu op\u0107u planinarsku \u0161kolu i dovoljno iskustva u planinama, a zainteresirani su za planinarenje po visokom gorju. Broj sudionika te\u010daja je ograni\u010den na 20 osoba radi \u0161to uspje\u0161nijeg i kvalitetnijeg provo\u0111enja istog. Samim [&hellip;]<\/p>\n","protected":false},"author":1,"featured_media":0,"comment_status":"closed","ping_status":"open","sticky":false,"template":"","format":"standard","meta":{"_et_pb_use_builder":"on","_et_pb_old_content":"","_et_gb_content_width":"1080","footnotes":""},"categories":[33],"tags":[],"class_list":["post-4365","post","type-post","status-publish","format-standard","hentry","category-33"],"_links":{"self":[{"href":"https:\/\/www.slavonski-planinari.hr\/arhiva\/wp-json\/wp\/v2\/posts\/4365","targetHints":{"allow":["GET"]}}],"collection":[{"href":"https:\/\/www.slavonski-planinari.hr\/arhiva\/wp-json\/wp\/v2\/posts"}],"about":[{"href":"https:\/\/www.slavonski-planinari.hr\/arhiva\/wp-json\/wp\/v2\/types\/post"}],"author":[{"embeddable":true,"href":"https:\/\/www.slavonski-planinari.hr\/arhiva\/wp-json\/wp\/v2\/users\/1"}],"replies":[{"embeddable":true,"href":"https:\/\/www.slavonski-planinari.hr\/arhiva\/wp-json\/wp\/v2\/comments?post=4365"}],"version-history":[{"count":0,"href":"https:\/\/www.slavonski-planinari.hr\/arhiva\/wp-json\/wp\/v2\/posts\/4365\/revisions"}],"wp:attachment":[{"href":"https:\/\/www.slavonski-planinari.hr\/arhiva\/wp-json\/wp\/v2\/media?parent=4365"}],"wp:term":[{"taxonomy":"category","embeddable":true,"href":"https:\/\/www.slavonski-planinari.hr\/arhiva\/wp-json\/wp\/v2\/categories?post=4365"},{"taxonomy":"post_tag","embeddable":true,"href":"https:\/\/www.slavonski-planinari.hr\/arhiva\/wp-json\/wp\/v2\/tags?post=4365"}],"curies":[{"name":"wp","href":"https:\/\/api.w.org\/{rel}","templated":true}]}}