{"id":4361,"date":"2019-01-21T08:59:00","date_gmt":"2019-01-21T07:59:00","guid":{"rendered":"https:\/\/www.slavonski-planinari.hr\/arhiva\/?p=4361"},"modified":"2023-01-26T09:01:03","modified_gmt":"2023-01-26T08:01:03","slug":"zadnja-prvoga-27-1-2019","status":"publish","type":"post","link":"https:\/\/www.slavonski-planinari.hr\/arhiva\/zadnja-prvoga-27-1-2019\/","title":{"rendered":"Zadnja prvoga, 27.1.2019."},"content":{"rendered":"<p>[et_pb_section fb_built=&#8221;1&#8243; theme_builder_area=&#8221;post_content&#8221; _builder_version=&#8221;4.19.5&#8243; _module_preset=&#8221;default&#8221; custom_padding=&#8221;||269px|||&#8221;][et_pb_row _builder_version=&#8221;4.19.5&#8243; _module_preset=&#8221;default&#8221; theme_builder_area=&#8221;post_content&#8221;][et_pb_column _builder_version=&#8221;4.19.5&#8243; _module_preset=&#8221;default&#8221; type=&#8221;4_4&#8243; theme_builder_area=&#8221;post_content&#8221;][et_pb_text _builder_version=&#8221;4.19.5&#8243; _module_preset=&#8221;default&#8221; theme_builder_area=&#8221;post_content&#8221; hover_enabled=&#8221;0&#8243; sticky_enabled=&#8221;0&#8243;]<\/p>\n<div class=\"itemIntroText\">\n<p><img loading=\"lazy\" decoding=\"async\" src=\"https:\/\/www.slavonski-planinari.hr\/arhiva\/wp-content\/uploads\/2023\/01\/hpd_sunovrat.jpg\" width=\"161\" height=\"116\" alt=\"\" class=\"wp-image-3095 alignleft size-full\" \/>Po\u0161tovani prijatelji, pozivamo Vas na tradicionalni izlet &#8220;Zadnja prvoga&#8221;. Izlet \u0107e biti odr\u017ean 27. sije\u010danj 2019. godine.<\/p>\n<\/div>\n<div class=\"itemFullText\">\n<p>Okupljanje je na prostoru planinarske ku\u0107e Tivanovo u Gazijama od 9:00 &#8211; 9:30 h, kada je planiran polazak na staze.<\/p>\n<p>Osiguran \u0160oka\u010dki zajutrak za sve planinare (tradicionalni kruh i mast uz topli \u010daj).<\/p>\n<p>Staze \u0107e biti prilago\u0111ene vremenskim prilikama. Po povratku (poslije 13 sati) planinarski grah po popularnoj cijeni.<\/p>\n<p>Molimo organizatore planinarskih skupina da prijave broj \u010dlanova koji \u0107e do\u0107i na izlet u svrhu lak\u0161e organizacije doma\u0107ina.<\/p>\n<p>Za prijavu broja sudionika ili dodatne informacije zvati:<\/p>\n<ul>\n<li>091 948 50 34 Darko Amid\u017ei\u0107<\/li>\n<li>098 280 089 Branko Tivanovac (mogu\u0107nost no\u0107enja u planinarskoj ku\u0107i Tivanovo).<\/li>\n<\/ul>\n<p style=\"text-align: center;\">Radujemo se Va\u0161em dolasku,<\/p>\n<p style=\"text-align: right;\">HPD \u201eSunovrat\u201c\u0110ur\u0111enovac<\/p>\n<\/div>\n<p>[\/et_pb_text][\/et_pb_column][\/et_pb_row][\/et_pb_section]<\/p>\n","protected":false},"excerpt":{"rendered":"<p>Po\u0161tovani prijatelji, pozivamo Vas na tradicionalni izlet &#8220;Zadnja prvoga&#8221;. Izlet \u0107e biti odr\u017ean 27. sije\u010danj 2019. godine. Okupljanje je na prostoru planinarske ku\u0107e Tivanovo u Gazijama od 9:00 &#8211; 9:30 h, kada je planiran polazak na staze. Osiguran \u0160oka\u010dki zajutrak za sve planinare (tradicionalni kruh i mast uz topli \u010daj). Staze \u0107e biti prilago\u0111ene vremenskim [&hellip;]<\/p>\n","protected":false},"author":1,"featured_media":0,"comment_status":"closed","ping_status":"open","sticky":false,"template":"","format":"standard","meta":{"_et_pb_use_builder":"on","_et_pb_old_content":"","_et_gb_content_width":"1080","footnotes":""},"categories":[33],"tags":[],"class_list":["post-4361","post","type-post","status-publish","format-standard","hentry","category-33"],"_links":{"self":[{"href":"https:\/\/www.slavonski-planinari.hr\/arhiva\/wp-json\/wp\/v2\/posts\/4361","targetHints":{"allow":["GET"]}}],"collection":[{"href":"https:\/\/www.slavonski-planinari.hr\/arhiva\/wp-json\/wp\/v2\/posts"}],"about":[{"href":"https:\/\/www.slavonski-planinari.hr\/arhiva\/wp-json\/wp\/v2\/types\/post"}],"author":[{"embeddable":true,"href":"https:\/\/www.slavonski-planinari.hr\/arhiva\/wp-json\/wp\/v2\/users\/1"}],"replies":[{"embeddable":true,"href":"https:\/\/www.slavonski-planinari.hr\/arhiva\/wp-json\/wp\/v2\/comments?post=4361"}],"version-history":[{"count":0,"href":"https:\/\/www.slavonski-planinari.hr\/arhiva\/wp-json\/wp\/v2\/posts\/4361\/revisions"}],"wp:attachment":[{"href":"https:\/\/www.slavonski-planinari.hr\/arhiva\/wp-json\/wp\/v2\/media?parent=4361"}],"wp:term":[{"taxonomy":"category","embeddable":true,"href":"https:\/\/www.slavonski-planinari.hr\/arhiva\/wp-json\/wp\/v2\/categories?post=4361"},{"taxonomy":"post_tag","embeddable":true,"href":"https:\/\/www.slavonski-planinari.hr\/arhiva\/wp-json\/wp\/v2\/tags?post=4361"}],"curies":[{"name":"wp","href":"https:\/\/api.w.org\/{rel}","templated":true}]}}