{"id":4357,"date":"2019-01-16T08:54:00","date_gmt":"2019-01-16T07:54:00","guid":{"rendered":"https:\/\/www.slavonski-planinari.hr\/arhiva\/?p=4357"},"modified":"2023-01-26T08:56:53","modified_gmt":"2023-01-26T07:56:53","slug":"in-memoriam-prim-dr-tomislav-sablek","status":"publish","type":"post","link":"https:\/\/www.slavonski-planinari.hr\/arhiva\/in-memoriam-prim-dr-tomislav-sablek\/","title":{"rendered":"In memoriam &#8211; prim.dr. Tomislav Sablek"},"content":{"rendered":"<p>[et_pb_section fb_built=&#8221;1&#8243; theme_builder_area=&#8221;post_content&#8221; _builder_version=&#8221;4.19.5&#8243; _module_preset=&#8221;default&#8221;][et_pb_row _builder_version=&#8221;4.19.5&#8243; _module_preset=&#8221;default&#8221; theme_builder_area=&#8221;post_content&#8221;][et_pb_column _builder_version=&#8221;4.19.5&#8243; _module_preset=&#8221;default&#8221; type=&#8221;4_4&#8243; theme_builder_area=&#8221;post_content&#8221;][et_pb_text _builder_version=&#8221;4.19.5&#8243; _module_preset=&#8221;default&#8221; theme_builder_area=&#8221;post_content&#8221; hover_enabled=&#8221;0&#8243; sticky_enabled=&#8221;0&#8243;]<\/p>\n<div class=\"itemIntroText\">\n<p style=\"text-align: justify;\"><img loading=\"lazy\" decoding=\"async\" src=\"https:\/\/www.slavonski-planinari.hr\/arhiva\/wp-content\/uploads\/2023\/01\/sablek.jpeg\" width=\"170\" height=\"113\" alt=\"\" class=\"wp-image-4359 alignleft size-full\" \/>Javljamo svim planinarima da nas je zauvijek napustio najstariji po\u017ee\u0161ki planinar prim.dr. Tomislav Sablek.<\/p>\n<p style=\"text-align: justify;\">Prim. dr.Tomislav Sablek je ro\u0111en u Po\u017eegi 1925. godine.<\/p>\n<\/div>\n<div class=\"itemFullText\">\n<p style=\"text-align: justify;\">Volio je medicinu, planinarenje i skijanje. U svemu \u0161to je volio, u\u017eivao je i bio najbolji. Bio je vje\u010diti nezadovoljnik stanjem u kome je \u017eivio, radio i kretao se. Ru\u0161io je tabue, bunio se, ali van Po\u017eege se du\u017ee nije mogao zadr\u017eati.<\/p>\n<p style=\"text-align: justify;\">U struci je, poslije diplome Medicinskog fakulteta, specijalizirao otorinolaringologiju, kirurgiju glave, vrata, te plasti\u010dnu kirurgiju. Kruna uspjeha u struci bilo stjecanje zvanja \u2013 primarijus u 46. godini \u017eivota.. U me\u0111uvremenu sa nizom stru\u010dnih i znanstvenih radova sudjelovao je na nizu kongresa, gdje se nije predstavio samo kao stru\u010dan predava\u010d, nego i kao vrstan fotoamater i kinoamater.<\/p>\n<p style=\"text-align: justify;\">Planinariti je po\u010deo 1947. kao \u010dlan Alpinisti\u010dkog odsjeka Planinarskog dru\u0161tva \u201eZagreb\u201c. Poha\u0111a alpinisti\u010dku obuku, koju prolazi je na najboljim alpinisti\u010dkim poligonima Hrvatskoj, Sloveniji i Austriji.<\/p>\n<p style=\"text-align: justify;\">\u010cim se je Zagrebu po\u010delo \u201e\u0161u\u0161kati\u201c o novoj planinarskoj slu\u017ebi \u2013 spa\u0161avanju, Tomislav se priklju\u010duje. U Po\u017eegi 1969. osniva Stanicu GSS-a, prvu u Slavoniji. Stanicu unaprje\u0111uje, radi na \u0161kolovanju mladih spa\u0161avatelje, organizira natjecanja spa\u0161avatelja u ljetnim i zimskim uvjetima. Godine 1983. pu\u0161tena je skija\u0161ka \u017ei\u010dara na Nevolja\u0161u, a 1989. otvoren Dom GSS na Nevolja\u0161u. Svega toga bez Tomislava nebi bilo.<\/p>\n<p style=\"text-align: justify;\">Njegova predanost planinarstvu i postignuti rezultati nisu pro\u0161li neprimjetno. Nositelj je zlatnog znaka HPS, srebrnog po\u010dasnog znaka GSS Hrvatske, Slova\u010dke i Austrije, Priznanja \u0110uro Pilar Slavonskog planinarskog saveza, te Nagrade Po\u017ee\u0161ko Slavonske \u017eupanije za \u017eivotno djelo.<\/p>\n<p style=\"text-align: justify;\">Znamo da to nije sve no te\u0161ko je danas re\u0107i \u0161to je sve Tomislav Sablek bio i radio u \u017eivotu, jer i on sam, kao vrlo pedantan evidenti\u010dar, nije mogao dati taj podatak.<\/p>\n<p style=\"text-align: justify;\">Godine 1987. izdano je I. izdanje \u201eVelika &#8211; planinarsko i turisti\u010dko sredi\u0161te Slavonije\u201c koji je napisao Tomislav, promotor mu je bio Prof. Dr.sc. \u017deljko Poljak, njegov prijatelj sa studija i prvih planinarskih, alpinisti\u010dkih i skija\u0161kih pokreta. Obnovljeno i dopunjeno izdanje vodi\u010da \u201eVelika \u2013 planinarsko i turisti\u010dko sredi\u0161te Slavonije\u201c tiskano je 2000.-te godine.<br \/>Kada bi Tomislavov spisak sa evidentiranjem osvojenih vrhova slu\u010dajno izgubili u nekoj arhivi, brzo bismo ga prona\u0161li. Njegov spisak pun je planinarskih i alpinisti\u010dkih egzota, prvenstvenih uspona, mjesta do kojih prije njega Hrvati nisu dospjeli, npr. alpinisti\u010dkim ili standardnim putem, je bio i vodio prve jugoslavenske ekspedicija u Skandinaviju 1978., zimsko prije\u010denje Velebita na skijama 1979., na vulkane sjevernog Atlantika 1981&#8230;.<\/p>\n<p style=\"text-align: justify;\">Mnogi \u0107e ga se sje\u0107ati kao mrzovoljnog \u010dangrizala, ali \u0107e vrlo brzo morati priznati da je iza te fasade bio veliki \u010dovjek, humanist, stru\u010dnjak, prirodnjak, planinarski fanatik koji je stvarao nove planinare skija\u0161e, spa\u0161avatelje, \u017ei\u010dare, planinarske objekte, trajna djela.<\/p>\n<p style=\"text-align: justify;\">Veliko i vje\u010dno hvala.<\/p>\n<\/div>\n<p>[\/et_pb_text][\/et_pb_column][\/et_pb_row][\/et_pb_section]<\/p>\n","protected":false},"excerpt":{"rendered":"<p>Javljamo svim planinarima da nas je zauvijek napustio najstariji po\u017ee\u0161ki planinar prim.dr. Tomislav Sablek. Prim. dr.Tomislav Sablek je ro\u0111en u Po\u017eegi 1925. godine. Volio je medicinu, planinarenje i skijanje. U svemu \u0161to je volio, u\u017eivao je i bio najbolji. Bio je vje\u010diti nezadovoljnik stanjem u kome je \u017eivio, radio i kretao se. Ru\u0161io je tabue, [&hellip;]<\/p>\n","protected":false},"author":1,"featured_media":0,"comment_status":"closed","ping_status":"open","sticky":false,"template":"","format":"standard","meta":{"_et_pb_use_builder":"on","_et_pb_old_content":"","_et_gb_content_width":"1080","footnotes":""},"categories":[33],"tags":[],"class_list":["post-4357","post","type-post","status-publish","format-standard","hentry","category-33"],"_links":{"self":[{"href":"https:\/\/www.slavonski-planinari.hr\/arhiva\/wp-json\/wp\/v2\/posts\/4357","targetHints":{"allow":["GET"]}}],"collection":[{"href":"https:\/\/www.slavonski-planinari.hr\/arhiva\/wp-json\/wp\/v2\/posts"}],"about":[{"href":"https:\/\/www.slavonski-planinari.hr\/arhiva\/wp-json\/wp\/v2\/types\/post"}],"author":[{"embeddable":true,"href":"https:\/\/www.slavonski-planinari.hr\/arhiva\/wp-json\/wp\/v2\/users\/1"}],"replies":[{"embeddable":true,"href":"https:\/\/www.slavonski-planinari.hr\/arhiva\/wp-json\/wp\/v2\/comments?post=4357"}],"version-history":[{"count":0,"href":"https:\/\/www.slavonski-planinari.hr\/arhiva\/wp-json\/wp\/v2\/posts\/4357\/revisions"}],"wp:attachment":[{"href":"https:\/\/www.slavonski-planinari.hr\/arhiva\/wp-json\/wp\/v2\/media?parent=4357"}],"wp:term":[{"taxonomy":"category","embeddable":true,"href":"https:\/\/www.slavonski-planinari.hr\/arhiva\/wp-json\/wp\/v2\/categories?post=4357"},{"taxonomy":"post_tag","embeddable":true,"href":"https:\/\/www.slavonski-planinari.hr\/arhiva\/wp-json\/wp\/v2\/tags?post=4357"}],"curies":[{"name":"wp","href":"https:\/\/api.w.org\/{rel}","templated":true}]}}