{"id":4352,"date":"2019-01-04T08:48:00","date_gmt":"2019-01-04T07:48:00","guid":{"rendered":"https:\/\/www.slavonski-planinari.hr\/arhiva\/?p=4352"},"modified":"2023-01-26T08:51:01","modified_gmt":"2023-01-26T07:51:01","slug":"21-zimski-pohod-novskim-brdom","status":"publish","type":"post","link":"https:\/\/www.slavonski-planinari.hr\/arhiva\/21-zimski-pohod-novskim-brdom\/","title":{"rendered":"21. Zimski pohod Novskim brdom"},"content":{"rendered":"<p>[et_pb_section fb_built=&#8221;1&#8243; theme_builder_area=&#8221;post_content&#8221; _builder_version=&#8221;4.19.5&#8243; _module_preset=&#8221;default&#8221;][et_pb_row _builder_version=&#8221;4.19.5&#8243; _module_preset=&#8221;default&#8221; theme_builder_area=&#8221;post_content&#8221;][et_pb_column _builder_version=&#8221;4.19.5&#8243; _module_preset=&#8221;default&#8221; type=&#8221;4_4&#8243; theme_builder_area=&#8221;post_content&#8221;][et_pb_text _builder_version=&#8221;4.19.5&#8243; _module_preset=&#8221;default&#8221; theme_builder_area=&#8221;post_content&#8221; hover_enabled=&#8221;0&#8243; sticky_enabled=&#8221;0&#8243;]<\/p>\n<div class=\"itemIntroText\">\n<p style=\"text-align: justify;\">Dragi prijatelji, nadam se da ste lijepo do\u010dekali Bo\u017ei\u0107 i da se spremate na ludi do\u010dek Nove godine.<\/p>\n<p style=\"text-align: justify;\">U svakom slu\u010daju, \u017eelimo Vam sretne i vesele blagdane, a mi vas sve \u010dekamo 13.01.2019. godine na tradicionalnom Zimskom pohodu Planinarskog dru\u0161tva &#8220;Zmajevac&#8221; Novska.<\/p>\n<\/div>\n<div class=\"itemFullText\">\n<p style=\"text-align: justify;\">\u0160etnja je tradicionalna, ugodna i prilago\u0111ena svim uzrastima zbog malih nagiba terena i lijepe \u0161ume.<\/p>\n<p style=\"text-align: justify;\">Nadamo se, a i prognoze govore u prilog tomu, da \u0107e biti i snje\u017ena \u0161etnja Novskim brdom.<\/p>\n<p style=\"text-align: justify;\">Ako se pitate ho\u0107e li i ove godine biti sarme, ne brinite! Sve je pod kontrolom i jedva \u010dekamo da njeni mirisi zavladaju \u0161umom \ud83d\ude42<\/p>\n<p style=\"text-align: justify;\">Kao i lani rado \u0107emo primiti prilog od 20 kn za ru\u010dak, a ako mo\u017eete pojesti vi\u0161e od dvije sarme, ostale su gratis.<\/p>\n<p style=\"text-align: justify;\">Za doru\u010dak vas \u010deka kruh, mast i topli \u010daj, a poslije ru\u010dka na Jelenovoj glavi pi\u0107e i obavezno kuhano vino. Sve to po veoma popularnim cijenama, \u010disto da pokrijemo tro\u0161kove.<\/p>\n<p style=\"text-align: justify;\">Treba li vas vi\u0161e mamiti mirisima i okusima? \ud83d\ude00<\/p>\n<p style=\"text-align: justify;\"><img loading=\"lazy\" decoding=\"async\" src=\"https:\/\/www.slavonski-planinari.hr\/arhiva\/wp-content\/uploads\/2023\/01\/novska-v2019.jpg\" width=\"600\" height=\"445\" alt=\"\" class=\"wp-image-4354 aligncenter size-full\" srcset=\"https:\/\/www.slavonski-planinari.hr\/arhiva\/wp-content\/uploads\/2023\/01\/novska-v2019.jpg 600w, https:\/\/www.slavonski-planinari.hr\/arhiva\/wp-content\/uploads\/2023\/01\/novska-v2019-480x356.jpg 480w\" sizes=\"(min-width: 0px) and (max-width: 480px) 480px, (min-width: 481px) 600px, 100vw\" \/><\/p>\n<p style=\"text-align: justify;\">Za sve ostale upite stojim Vam na raspolaganju na 091-539-2422 i 099-191-1091 (Melita Mihali\u0107).<\/p>\n<p style=\"text-align: justify;\">Kontaktirati nas mo\u017eete i na mail<span>\u00a0<\/span><span id=\"cloakce128ce8a750606fc7fcd58bdaaf04ba\"><a href=\"mailto:pd.zmajevac@gmail.com\">pd.zmajevac@gmail.com<\/a><\/span><span>\u00a0<\/span>, a i na Fb stranici Planinarsko dru\u0161tvo Zmajevac Novska.<\/p>\n<p style=\"text-align: justify;\">Radujemo se Va\u0161em dolasku!<\/p>\n<p style=\"text-align: center;\">Srda\u010dan pozdrav \u0161alju vam svima novljanski Zmajevi i Zmaj\u010dice!<\/p>\n<\/div>\n<p>[\/et_pb_text][\/et_pb_column][\/et_pb_row][\/et_pb_section]<\/p>\n","protected":false},"excerpt":{"rendered":"<p>Dragi prijatelji, nadam se da ste lijepo do\u010dekali Bo\u017ei\u0107 i da se spremate na ludi do\u010dek Nove godine. U svakom slu\u010daju, \u017eelimo Vam sretne i vesele blagdane, a mi vas sve \u010dekamo 13.01.2019. godine na tradicionalnom Zimskom pohodu Planinarskog dru\u0161tva &#8220;Zmajevac&#8221; Novska. \u0160etnja je tradicionalna, ugodna i prilago\u0111ena svim uzrastima zbog malih nagiba terena i [&hellip;]<\/p>\n","protected":false},"author":1,"featured_media":0,"comment_status":"closed","ping_status":"open","sticky":false,"template":"","format":"standard","meta":{"_et_pb_use_builder":"on","_et_pb_old_content":"","_et_gb_content_width":"1080","footnotes":""},"categories":[33],"tags":[],"class_list":["post-4352","post","type-post","status-publish","format-standard","hentry","category-33"],"_links":{"self":[{"href":"https:\/\/www.slavonski-planinari.hr\/arhiva\/wp-json\/wp\/v2\/posts\/4352","targetHints":{"allow":["GET"]}}],"collection":[{"href":"https:\/\/www.slavonski-planinari.hr\/arhiva\/wp-json\/wp\/v2\/posts"}],"about":[{"href":"https:\/\/www.slavonski-planinari.hr\/arhiva\/wp-json\/wp\/v2\/types\/post"}],"author":[{"embeddable":true,"href":"https:\/\/www.slavonski-planinari.hr\/arhiva\/wp-json\/wp\/v2\/users\/1"}],"replies":[{"embeddable":true,"href":"https:\/\/www.slavonski-planinari.hr\/arhiva\/wp-json\/wp\/v2\/comments?post=4352"}],"version-history":[{"count":0,"href":"https:\/\/www.slavonski-planinari.hr\/arhiva\/wp-json\/wp\/v2\/posts\/4352\/revisions"}],"wp:attachment":[{"href":"https:\/\/www.slavonski-planinari.hr\/arhiva\/wp-json\/wp\/v2\/media?parent=4352"}],"wp:term":[{"taxonomy":"category","embeddable":true,"href":"https:\/\/www.slavonski-planinari.hr\/arhiva\/wp-json\/wp\/v2\/categories?post=4352"},{"taxonomy":"post_tag","embeddable":true,"href":"https:\/\/www.slavonski-planinari.hr\/arhiva\/wp-json\/wp\/v2\/tags?post=4352"}],"curies":[{"name":"wp","href":"https:\/\/api.w.org\/{rel}","templated":true}]}}