{"id":4344,"date":"2019-01-04T08:35:00","date_gmt":"2019-01-04T07:35:00","guid":{"rendered":"https:\/\/www.slavonski-planinari.hr\/arhiva\/?p=4344"},"modified":"2023-01-26T08:37:57","modified_gmt":"2023-01-26T07:37:57","slug":"tradicionalni-uspon-na-najvisi-vrh-pozeske-gore-kapavac-2019","status":"publish","type":"post","link":"https:\/\/www.slavonski-planinari.hr\/arhiva\/tradicionalni-uspon-na-najvisi-vrh-pozeske-gore-kapavac-2019\/","title":{"rendered":"Tradicionalni uspon na najvi\u0161i vrh Po\u017ee\u0161ke gore \u2013 Kapavac 2019."},"content":{"rendered":"<p>[et_pb_section fb_built=&#8221;1&#8243; theme_builder_area=&#8221;post_content&#8221; _builder_version=&#8221;4.19.4&#8243; _module_preset=&#8221;default&#8221; custom_padding=&#8221;||210px|||&#8221;][et_pb_row _builder_version=&#8221;4.19.4&#8243; _module_preset=&#8221;default&#8221; theme_builder_area=&#8221;post_content&#8221;][et_pb_column _builder_version=&#8221;4.19.4&#8243; _module_preset=&#8221;default&#8221; type=&#8221;4_4&#8243; theme_builder_area=&#8221;post_content&#8221;][et_pb_text _builder_version=&#8221;4.19.4&#8243; _module_preset=&#8221;default&#8221; theme_builder_area=&#8221;post_content&#8221; hover_enabled=&#8221;0&#8243; sticky_enabled=&#8221;0&#8243;]<\/p>\n<div class=\"itemIntroText\">\n<p><img loading=\"lazy\" decoding=\"async\" src=\"https:\/\/www.slavonski-planinari.hr\/arhiva\/wp-content\/uploads\/2023\/01\/ps-kapavac.jpg\" width=\"93\" height=\"92\" alt=\"\" class=\"wp-image-4346 alignleft size-full\" srcset=\"https:\/\/www.slavonski-planinari.hr\/arhiva\/wp-content\/uploads\/2023\/01\/ps-kapavac.jpg 170w, https:\/\/www.slavonski-planinari.hr\/arhiva\/wp-content\/uploads\/2023\/01\/ps-kapavac-150x150.jpg 150w\" sizes=\"(max-width: 93px) 100vw, 93px\" \/>Planinarska sekcija &#8220;Kapavac&#8221; Zakorenje poziva sve planinare i ljubitelje planina na &#8220;7. izlet na Kapavac 2019.&#8221; 13. sije\u010dnja 2019. godine.<\/p>\n<p>&nbsp;<\/p>\n<p>&nbsp;<\/p>\n<p><strong>Program:<\/strong><\/p>\n<p>Okupljanje od 08:30 &#8211; 9:00 sati &#8211; mjesto okupljanja Staro selo Zakorenje.<\/p>\n<\/div>\n<div class=\"itemFullText\">\n<p>Polazak na Kapavac u 09:00 sati.<\/p>\n<p>Novo: ruta Kri\u017ei\u0107i polazak u 09:00 sati.<\/p>\n<p>Hrana po povratku ili iz ruksaka.<\/p>\n<p>Vodi\u0107:Matej Lon\u010darevi\u0107<\/p>\n<p style=\"text-align: center;\">UMOR PROLAZI ZADOVOLJSTVO OSTAJE!<br \/>VIDIMO SE!!!<\/p>\n<\/div>\n<p>[\/et_pb_text][\/et_pb_column][\/et_pb_row][\/et_pb_section]<\/p>\n","protected":false},"excerpt":{"rendered":"<p>Planinarska sekcija &#8220;Kapavac&#8221; Zakorenje poziva sve planinare i ljubitelje planina na &#8220;7. izlet na Kapavac 2019.&#8221; 13. sije\u010dnja 2019. godine. &nbsp; &nbsp; Program: Okupljanje od 08:30 &#8211; 9:00 sati &#8211; mjesto okupljanja Staro selo Zakorenje. Polazak na Kapavac u 09:00 sati. Novo: ruta Kri\u017ei\u0107i polazak u 09:00 sati. Hrana po povratku ili iz ruksaka. Vodi\u0107:Matej [&hellip;]<\/p>\n","protected":false},"author":1,"featured_media":0,"comment_status":"closed","ping_status":"open","sticky":false,"template":"","format":"standard","meta":{"_et_pb_use_builder":"on","_et_pb_old_content":"","_et_gb_content_width":"1080","footnotes":""},"categories":[33],"tags":[],"class_list":["post-4344","post","type-post","status-publish","format-standard","hentry","category-33"],"_links":{"self":[{"href":"https:\/\/www.slavonski-planinari.hr\/arhiva\/wp-json\/wp\/v2\/posts\/4344","targetHints":{"allow":["GET"]}}],"collection":[{"href":"https:\/\/www.slavonski-planinari.hr\/arhiva\/wp-json\/wp\/v2\/posts"}],"about":[{"href":"https:\/\/www.slavonski-planinari.hr\/arhiva\/wp-json\/wp\/v2\/types\/post"}],"author":[{"embeddable":true,"href":"https:\/\/www.slavonski-planinari.hr\/arhiva\/wp-json\/wp\/v2\/users\/1"}],"replies":[{"embeddable":true,"href":"https:\/\/www.slavonski-planinari.hr\/arhiva\/wp-json\/wp\/v2\/comments?post=4344"}],"version-history":[{"count":0,"href":"https:\/\/www.slavonski-planinari.hr\/arhiva\/wp-json\/wp\/v2\/posts\/4344\/revisions"}],"wp:attachment":[{"href":"https:\/\/www.slavonski-planinari.hr\/arhiva\/wp-json\/wp\/v2\/media?parent=4344"}],"wp:term":[{"taxonomy":"category","embeddable":true,"href":"https:\/\/www.slavonski-planinari.hr\/arhiva\/wp-json\/wp\/v2\/categories?post=4344"},{"taxonomy":"post_tag","embeddable":true,"href":"https:\/\/www.slavonski-planinari.hr\/arhiva\/wp-json\/wp\/v2\/tags?post=4344"}],"curies":[{"name":"wp","href":"https:\/\/api.w.org\/{rel}","templated":true}]}}