{"id":4340,"date":"2018-12-22T08:32:00","date_gmt":"2018-12-22T07:32:00","guid":{"rendered":"https:\/\/www.slavonski-planinari.hr\/arhiva\/?p=4340"},"modified":"2023-01-26T08:34:29","modified_gmt":"2023-01-26T07:34:29","slug":"odrzana-konstituirajuca-sjednica-organa-upravljanja-sp","status":"publish","type":"post","link":"https:\/\/www.slavonski-planinari.hr\/arhiva\/odrzana-konstituirajuca-sjednica-organa-upravljanja-sp\/","title":{"rendered":"Odr\u017eana konstituiraju\u0107a sjednica organa upravljanja SP"},"content":{"rendered":"<p>[et_pb_section fb_built=&#8221;1&#8243; theme_builder_area=&#8221;post_content&#8221; _builder_version=&#8221;4.19.4&#8243; _module_preset=&#8221;default&#8221;][et_pb_row _builder_version=&#8221;4.19.4&#8243; _module_preset=&#8221;default&#8221; theme_builder_area=&#8221;post_content&#8221;][et_pb_column _builder_version=&#8221;4.19.4&#8243; _module_preset=&#8221;default&#8221; type=&#8221;4_4&#8243; theme_builder_area=&#8221;post_content&#8221;][et_pb_text _builder_version=&#8221;4.19.4&#8243; _module_preset=&#8221;default&#8221; theme_builder_area=&#8221;post_content&#8221; hover_enabled=&#8221;0&#8243; sticky_enabled=&#8221;0&#8243;]<\/p>\n<div class=\"itemIntroText\">\n<p style=\"text-align: justify;\">U srijedu, 19. prosinca 2018. odr\u017eana je konstituiraju\u0107a sjednica organa upravljanja udruge Slavonski planinari, izabranih na Skup\u0161tini SP 24. studenoga u Na\u0161icama.<\/p>\n<\/div>\n<div class=\"itemFullText\">\n<p style=\"text-align: justify;\">Sjednica je odr\u017eana u ugodnom ambijentu dvorca &#8220;Kutjevo&#8221; u Kutjevu. Na dnevnom redu je bio izbor nositelja individualnih funkcija, dogovor o na\u010dinu rada te neposrednim zadacima u narednom periodu.<\/p>\n<p style=\"text-align: justify;\">U prisutnosti ve\u0107ine \u010dlanova Upravnog odbora, Nadzornog odbora i Suda \u010dasti izabrani su nositelji funkcija unutar tih organa.<\/p>\n<p style=\"text-align: justify;\">Tako je za dopredsjednika izabran Hrvoje Tr\u017ei\u0107 iz PD Krndija Na\u0161ice a za tajnika Otmar Tosenberger iz PD \u0110akovo. Predsjednica Nadzornog odbora je Nada Razumovi\u0107 iz HPD Vidim Kutjevo. Za predsjednika Suda \u010dasti ponovno je izabran Slavko Pokorny iz PD Petrov vrh Daruvar. Na veliku \u017ealost, niti 24 sata nakon tog sastanka, zbio se neo\u010dekivani nesretni doga\u0111aj koji je prekinuo Slavka u brojnim ovozemaljskim aktivnostima i du\u017enostima.<\/p>\n<p style=\"text-align: justify;\"><img loading=\"lazy\" decoding=\"async\" src=\"https:\/\/www.slavonski-planinari.hr\/arhiva\/wp-content\/uploads\/2023\/01\/sp-sjednica18.jpg\" width=\"600\" height=\"410\" alt=\"\" class=\"wp-image-4342 aligncenter size-full\" srcset=\"https:\/\/www.slavonski-planinari.hr\/arhiva\/wp-content\/uploads\/2023\/01\/sp-sjednica18.jpg 600w, https:\/\/www.slavonski-planinari.hr\/arhiva\/wp-content\/uploads\/2023\/01\/sp-sjednica18-480x328.jpg 480w\" sizes=\"(min-width: 0px) and (max-width: 480px) 480px, (min-width: 481px) 600px, 100vw\" \/><\/p>\n<p style=\"text-align: justify;\">U privitku je zajedni\u010dka fotografija sudionika, ujedno posljednje sje\u0107anje na dragog i nepre\u017ealjenog prijatelja, na\u0161eg Slivu.<\/p>\n<p style=\"text-align: right;\">Otmar Tosenberger, foto Mario: Ripli<\/p>\n<\/div>\n<p>[\/et_pb_text][\/et_pb_column][\/et_pb_row][\/et_pb_section]<\/p>\n","protected":false},"excerpt":{"rendered":"<p>U srijedu, 19. prosinca 2018. odr\u017eana je konstituiraju\u0107a sjednica organa upravljanja udruge Slavonski planinari, izabranih na Skup\u0161tini SP 24. studenoga u Na\u0161icama. Sjednica je odr\u017eana u ugodnom ambijentu dvorca &#8220;Kutjevo&#8221; u Kutjevu. Na dnevnom redu je bio izbor nositelja individualnih funkcija, dogovor o na\u010dinu rada te neposrednim zadacima u narednom periodu. U prisutnosti ve\u0107ine \u010dlanova [&hellip;]<\/p>\n","protected":false},"author":1,"featured_media":0,"comment_status":"closed","ping_status":"open","sticky":false,"template":"","format":"standard","meta":{"_et_pb_use_builder":"on","_et_pb_old_content":"","_et_gb_content_width":"1080","footnotes":""},"categories":[32],"tags":[],"class_list":["post-4340","post","type-post","status-publish","format-standard","hentry","category-32"],"_links":{"self":[{"href":"https:\/\/www.slavonski-planinari.hr\/arhiva\/wp-json\/wp\/v2\/posts\/4340","targetHints":{"allow":["GET"]}}],"collection":[{"href":"https:\/\/www.slavonski-planinari.hr\/arhiva\/wp-json\/wp\/v2\/posts"}],"about":[{"href":"https:\/\/www.slavonski-planinari.hr\/arhiva\/wp-json\/wp\/v2\/types\/post"}],"author":[{"embeddable":true,"href":"https:\/\/www.slavonski-planinari.hr\/arhiva\/wp-json\/wp\/v2\/users\/1"}],"replies":[{"embeddable":true,"href":"https:\/\/www.slavonski-planinari.hr\/arhiva\/wp-json\/wp\/v2\/comments?post=4340"}],"version-history":[{"count":0,"href":"https:\/\/www.slavonski-planinari.hr\/arhiva\/wp-json\/wp\/v2\/posts\/4340\/revisions"}],"wp:attachment":[{"href":"https:\/\/www.slavonski-planinari.hr\/arhiva\/wp-json\/wp\/v2\/media?parent=4340"}],"wp:term":[{"taxonomy":"category","embeddable":true,"href":"https:\/\/www.slavonski-planinari.hr\/arhiva\/wp-json\/wp\/v2\/categories?post=4340"},{"taxonomy":"post_tag","embeddable":true,"href":"https:\/\/www.slavonski-planinari.hr\/arhiva\/wp-json\/wp\/v2\/tags?post=4340"}],"curies":[{"name":"wp","href":"https:\/\/api.w.org\/{rel}","templated":true}]}}