{"id":4336,"date":"2018-12-22T08:30:00","date_gmt":"2018-12-22T07:30:00","guid":{"rendered":"https:\/\/www.slavonski-planinari.hr\/arhiva\/?p=4336"},"modified":"2023-01-26T08:31:45","modified_gmt":"2023-01-26T07:31:45","slug":"slavko-pokorny-sliva-1961-2018","status":"publish","type":"post","link":"https:\/\/www.slavonski-planinari.hr\/arhiva\/slavko-pokorny-sliva-1961-2018\/","title":{"rendered":"Slavko Pokorny &#8211; Sliva, 1961. &#8211; 2018."},"content":{"rendered":"<p>[et_pb_section fb_built=&#8221;1&#8243; theme_builder_area=&#8221;post_content&#8221; _builder_version=&#8221;4.19.4&#8243; _module_preset=&#8221;default&#8221; custom_padding=&#8221;||502px|||&#8221;][et_pb_row _builder_version=&#8221;4.19.4&#8243; _module_preset=&#8221;default&#8221; theme_builder_area=&#8221;post_content&#8221;][et_pb_column _builder_version=&#8221;4.19.4&#8243; _module_preset=&#8221;default&#8221; type=&#8221;4_4&#8243; theme_builder_area=&#8221;post_content&#8221;][et_pb_text _builder_version=&#8221;4.19.4&#8243; _module_preset=&#8221;default&#8221; theme_builder_area=&#8221;post_content&#8221; hover_enabled=&#8221;0&#8243; sticky_enabled=&#8221;0&#8243;]<\/p>\n<div class=\"itemIntroText\">\n<p><img loading=\"lazy\" decoding=\"async\" src=\"https:\/\/www.slavonski-planinari.hr\/arhiva\/wp-content\/uploads\/2023\/01\/sliva.jpg\" width=\"170\" height=\"163\" alt=\"\" class=\"wp-image-4338 alignleft size-full\" \/>Dragi prijatelji, javljamo pretu\u017enu vijest da na\u0161eg dragog Slive, Slavka Pokornya nema vi\u0161e me\u0111u nama&#8230;.<\/p>\n<p>Stradao je nesretnim slu\u010dajem rade\u0107i oko planinarskog doma o kojem je nesebi\u010dno brinuo, ure\u0111ivao ga i upravljao njime &#8211; davao mu du\u0161u&#8230;<\/p>\n<\/div>\n<div class=\"itemFullText\">\n<p>Pokop \u0107e biti u ponedjeljak, 24.12. u 15,00 sati, na gradskom groblju u Daruvaru.<\/p>\n<p>Vje\u010dana mu slava i nemjerljivo hvala<\/p>\n<\/div>\n<p>[\/et_pb_text][\/et_pb_column][\/et_pb_row][\/et_pb_section]<\/p>\n","protected":false},"excerpt":{"rendered":"<p>Dragi prijatelji, javljamo pretu\u017enu vijest da na\u0161eg dragog Slive, Slavka Pokornya nema vi\u0161e me\u0111u nama&#8230;. Stradao je nesretnim slu\u010dajem rade\u0107i oko planinarskog doma o kojem je nesebi\u010dno brinuo, ure\u0111ivao ga i upravljao njime &#8211; davao mu du\u0161u&#8230; Pokop \u0107e biti u ponedjeljak, 24.12. u 15,00 sati, na gradskom groblju u Daruvaru. Vje\u010dana mu slava i [&hellip;]<\/p>\n","protected":false},"author":1,"featured_media":0,"comment_status":"closed","ping_status":"open","sticky":false,"template":"","format":"standard","meta":{"_et_pb_use_builder":"on","_et_pb_old_content":"","_et_gb_content_width":"1080","footnotes":""},"categories":[32],"tags":[],"class_list":["post-4336","post","type-post","status-publish","format-standard","hentry","category-32"],"_links":{"self":[{"href":"https:\/\/www.slavonski-planinari.hr\/arhiva\/wp-json\/wp\/v2\/posts\/4336","targetHints":{"allow":["GET"]}}],"collection":[{"href":"https:\/\/www.slavonski-planinari.hr\/arhiva\/wp-json\/wp\/v2\/posts"}],"about":[{"href":"https:\/\/www.slavonski-planinari.hr\/arhiva\/wp-json\/wp\/v2\/types\/post"}],"author":[{"embeddable":true,"href":"https:\/\/www.slavonski-planinari.hr\/arhiva\/wp-json\/wp\/v2\/users\/1"}],"replies":[{"embeddable":true,"href":"https:\/\/www.slavonski-planinari.hr\/arhiva\/wp-json\/wp\/v2\/comments?post=4336"}],"version-history":[{"count":0,"href":"https:\/\/www.slavonski-planinari.hr\/arhiva\/wp-json\/wp\/v2\/posts\/4336\/revisions"}],"wp:attachment":[{"href":"https:\/\/www.slavonski-planinari.hr\/arhiva\/wp-json\/wp\/v2\/media?parent=4336"}],"wp:term":[{"taxonomy":"category","embeddable":true,"href":"https:\/\/www.slavonski-planinari.hr\/arhiva\/wp-json\/wp\/v2\/categories?post=4336"},{"taxonomy":"post_tag","embeddable":true,"href":"https:\/\/www.slavonski-planinari.hr\/arhiva\/wp-json\/wp\/v2\/tags?post=4336"}],"curies":[{"name":"wp","href":"https:\/\/api.w.org\/{rel}","templated":true}]}}