{"id":4332,"date":"2018-12-22T08:05:00","date_gmt":"2018-12-22T07:05:00","guid":{"rendered":"https:\/\/www.slavonski-planinari.hr\/arhiva\/?p=4332"},"modified":"2023-01-26T08:08:00","modified_gmt":"2023-01-26T07:08:00","slug":"23-memorijalni-pohod-fokinom-stazom-1991","status":"publish","type":"post","link":"https:\/\/www.slavonski-planinari.hr\/arhiva\/23-memorijalni-pohod-fokinom-stazom-1991\/","title":{"rendered":"23. memorijalni pohod Fokinom stazom 1991."},"content":{"rendered":"<p>[et_pb_section fb_built=&#8221;1&#8243; theme_builder_area=&#8221;post_content&#8221; _builder_version=&#8221;4.19.4&#8243; _module_preset=&#8221;default&#8221;][et_pb_row _builder_version=&#8221;4.19.4&#8243; _module_preset=&#8221;default&#8221; theme_builder_area=&#8221;post_content&#8221;][et_pb_column _builder_version=&#8221;4.19.4&#8243; _module_preset=&#8221;default&#8221; type=&#8221;4_4&#8243; theme_builder_area=&#8221;post_content&#8221;][et_pb_text _builder_version=&#8221;4.19.4&#8243; _module_preset=&#8221;default&#8221; theme_builder_area=&#8221;post_content&#8221; hover_enabled=&#8221;0&#8243; sticky_enabled=&#8221;0&#8243;]<\/p>\n<div class=\"itemIntroText\">\n<p style=\"text-align: justify;\"><img loading=\"lazy\" decoding=\"async\" src=\"https:\/\/www.slavonski-planinari.hr\/arhiva\/wp-content\/uploads\/2023\/01\/fokina2018.jpg\" width=\"170\" height=\"102\" alt=\"\" class=\"wp-image-4334 alignleft size-full\" \/>Tradicionalni 23. memorijalni pohod Fokinom stazom 1991. u na\u0161oj organizaciji 15. prosinca 2018. po snje\u017enom vremenu okupio je preko 250 planinara i sudionika pohoda iz 14 planinarskih dru\u0161tava, \u010dlanova HGSSa te braniteljskih udruga iz Bjelovara i Vara\u017edina.<\/p>\n<\/div>\n<div class=\"itemFullText\">\n<p style=\"text-align: justify;\">Nakon okupljanja na trgu ispred muzeja sudionike smo po\u010dastili kruhom namazanim ma\u0161\u0107u i pekmezom te rakijom.<\/p>\n<p style=\"text-align: justify;\">I ove godine smo prije polaska ponudili uobi\u010dajenu propagandnu ponudu koja se sastojala od prigodnih planinarskih suvenira: rukotvorina pakra\u010dkih planinarki, nekoliko vrsta planinarskih naljepnica, planinarske razglednice, dru\u0161tveni plan izleta i drugih aktivnosti za 2019. godinu, pe\u010dat planinarskog pohoda, majice, kape, knjigu o povijesti pakra\u010dkog planinarstva autora Rudolfa Ci\u0161pera, letak o povijesti Fokine staze, dnevnik Fokine planinarske obilaznice, dnevnik planinarske obilaznice Planinarski put Psunjem, druge dnevnike planinarskih obilaznica, kartu Psunja u izdanju Hrvatske gorske slu\u017ebe spa\u0161avanja.<\/p>\n<p style=\"text-align: justify;\">Prije pohoda sudionici su imali priliku besplatno pogledati impresivni stalni izlo\u017ebeni postav vojne i ratne povijesti koji je uspostavljen velikim trudom pakra\u010dkog profesora Marija Tu\u0161eka, isto tako i muzej Grada Pakraca otvorio je svoja vrata sa izlo\u017ebom \u201ePri\u010de iz \u0161kolskih klupa\u201c<\/p>\n<p style=\"text-align: justify;\">U 10 sati je formirana kolona te smo krenuli uobi\u010dajenom trasom do spomenika na mjestu pogibije Marijana Kulhavog-Foku te jo\u0161 \u0161estoricu bjelovarskih branitelja Ivana Bedekovi\u0107a, Ante \u0106uri\u0107a, Franje Ga\u0161para, Dra\u017eena Hudeca, \u017deljka Novosela i Darka Pero\u0161a koji su poginuli 29. prosinca 1991. godine u isto\u010dnim pakra\u010dkim vinogradima prilikom akcije osloba\u0111anja okupiranog podru\u010dja \u201cAlfa\u201d.<\/p>\n<p style=\"text-align: justify;\">Prije dolaska do spomenika zastajemo kod obitelji Sre\u010dka Brusa koji svake godine sudionike po\u010dasti doma\u0107im specijalitetima.<\/p>\n<p style=\"text-align: justify;\">Kao i svake godine kod spomen obilje\u017eja na mjestu pogibije branitelja u isto\u010dnim Pakra\u010dkim vinogradima polo\u017eeni su vijenci i zapaljene svije\u0107e.<\/p>\n<p style=\"text-align: justify;\">Vijence su polo\u017eili predsjednik Gradskog vije\u010da Miroslav Ivan\u010di\u0107 ispred Grada Pakraca i predsjednik na\u0161eg dru\u0161tva Zoran Milakovi\u0107-Zoka koji se zahvalio svim sudionicima \u0161to su se odazvali kako bi zajedno odali po\u010dast poginulim hrvatskim braniteljima, a Miroslav Ivan\u010di\u0107 izrazio je zadovoljstvo i zahvalnost planinarskom dru\u0161tvu, kao i svim sudionicima pohoda \u0161to na ovaj na\u010din izra\u017eavaju po\u0161tovanje i sje\u0107anje na pakra\u010dkog planinara Marijana Kulhavija-Foku, koji je poginuo u obrani svog grada i domovine te njegove poginule suborce iz Bjelovara koji su poginuli brane\u0107i Pakrac, a time i \u010ditavu domovinu.<\/p>\n<p style=\"text-align: justify;\">Pohod je zavr\u0161io uobi\u010dajenim dru\u017eenjem u planinarskom domu na Omanovcu uz nezaobilazni planinarski grah i topli \u010daj.<\/p>\n<p style=\"text-align: right;\">Izvor:\u00a0pdpsunj.hr<\/p>\n<\/div>\n<p>[\/et_pb_text][\/et_pb_column][\/et_pb_row][\/et_pb_section]<\/p>\n","protected":false},"excerpt":{"rendered":"<p>Tradicionalni 23. memorijalni pohod Fokinom stazom 1991. u na\u0161oj organizaciji 15. prosinca 2018. po snje\u017enom vremenu okupio je preko 250 planinara i sudionika pohoda iz 14 planinarskih dru\u0161tava, \u010dlanova HGSSa te braniteljskih udruga iz Bjelovara i Vara\u017edina. Nakon okupljanja na trgu ispred muzeja sudionike smo po\u010dastili kruhom namazanim ma\u0161\u0107u i pekmezom te rakijom. I ove [&hellip;]<\/p>\n","protected":false},"author":1,"featured_media":0,"comment_status":"closed","ping_status":"open","sticky":false,"template":"","format":"standard","meta":{"_et_pb_use_builder":"on","_et_pb_old_content":"","_et_gb_content_width":"1080","footnotes":""},"categories":[32],"tags":[],"class_list":["post-4332","post","type-post","status-publish","format-standard","hentry","category-32"],"_links":{"self":[{"href":"https:\/\/www.slavonski-planinari.hr\/arhiva\/wp-json\/wp\/v2\/posts\/4332","targetHints":{"allow":["GET"]}}],"collection":[{"href":"https:\/\/www.slavonski-planinari.hr\/arhiva\/wp-json\/wp\/v2\/posts"}],"about":[{"href":"https:\/\/www.slavonski-planinari.hr\/arhiva\/wp-json\/wp\/v2\/types\/post"}],"author":[{"embeddable":true,"href":"https:\/\/www.slavonski-planinari.hr\/arhiva\/wp-json\/wp\/v2\/users\/1"}],"replies":[{"embeddable":true,"href":"https:\/\/www.slavonski-planinari.hr\/arhiva\/wp-json\/wp\/v2\/comments?post=4332"}],"version-history":[{"count":0,"href":"https:\/\/www.slavonski-planinari.hr\/arhiva\/wp-json\/wp\/v2\/posts\/4332\/revisions"}],"wp:attachment":[{"href":"https:\/\/www.slavonski-planinari.hr\/arhiva\/wp-json\/wp\/v2\/media?parent=4332"}],"wp:term":[{"taxonomy":"category","embeddable":true,"href":"https:\/\/www.slavonski-planinari.hr\/arhiva\/wp-json\/wp\/v2\/categories?post=4332"},{"taxonomy":"post_tag","embeddable":true,"href":"https:\/\/www.slavonski-planinari.hr\/arhiva\/wp-json\/wp\/v2\/tags?post=4332"}],"curies":[{"name":"wp","href":"https:\/\/api.w.org\/{rel}","templated":true}]}}