{"id":4308,"date":"2018-11-28T07:54:00","date_gmt":"2018-11-28T06:54:00","guid":{"rendered":"https:\/\/www.slavonski-planinari.hr\/arhiva\/?p=4308"},"modified":"2023-01-26T07:57:48","modified_gmt":"2023-01-26T06:57:48","slug":"odrzana-izborna-skupstina-udruge-slavonski-planinari-novi-predsjednik-je-predrag-livak-foto","status":"publish","type":"post","link":"https:\/\/www.slavonski-planinari.hr\/arhiva\/odrzana-izborna-skupstina-udruge-slavonski-planinari-novi-predsjednik-je-predrag-livak-foto\/","title":{"rendered":"Odr\u017eana izborna skup\u0161tina udruge Slavonski planinari &#8211; novi predsjednik je Predrag Livak [FOTO]"},"content":{"rendered":"<p>[et_pb_section fb_built=&#8221;1&#8243; theme_builder_area=&#8221;post_content&#8221; _builder_version=&#8221;4.19.4&#8243; _module_preset=&#8221;default&#8221;][et_pb_row _builder_version=&#8221;4.19.4&#8243; _module_preset=&#8221;default&#8221; theme_builder_area=&#8221;post_content&#8221;][et_pb_column _builder_version=&#8221;4.19.4&#8243; _module_preset=&#8221;default&#8221; type=&#8221;4_4&#8243; theme_builder_area=&#8221;post_content&#8221;][et_pb_text _builder_version=&#8221;4.19.4&#8243; _module_preset=&#8221;default&#8221; theme_builder_area=&#8221;post_content&#8221; hover_enabled=&#8221;0&#8243; sticky_enabled=&#8221;0&#8243;]<\/p>\n<div class=\"itemIntroText\">\n<p style=\"text-align: justify;\">Izborna Skup\u0161tina udruge Slavonski planinari se odr\u017eala u subotu, 24. studenog 2018. Doma\u0107ini su bili DVD Na\u0161ice (prostor) i PD Krndija Na\u0161ice koji su sve dogovorili i doma\u0107inski pripremili.<\/p>\n<\/div>\n<div class=\"itemFullText\">\n<p style=\"text-align: justify;\">Prema uobi\u010dajenom dnevnom redu za takve skupove, prezentirani su izvje\u0161taji za prethodnu godinu s osvrtom na prethodni mandat.<\/p>\n<p style=\"text-align: justify;\">Razrje\u0161nicom svim tijelima i komisijama SP u mandatu 2014-2018 stvoreni su uvjeti za izbor novih.<\/p>\n<p style=\"text-align: justify;\">Jedini kandidat za novog predsjednika je bio Predrag Livak, dosada\u0161nji dopredsjednik SP, a ina\u010de predsjednik HPD Sokolovac Po\u017eega. Jednoglasno je izabran na tu funkciju i time dobio pravo predlo\u017eiti \u010dlanove Upravnog odbora \u2013 svoje najbli\u017ee suradnike. Prijedlog je prihva\u0107en i, uz predsjednika, \u010dlanovi UO SP su:<\/p>\n<ul style=\"text-align: justify;\">\n<li>Hrvoje Tr\u017ei\u0107 iz PD Krndija Na\u0161ice<\/li>\n<li>Otmar Tosenberger iz PD \u0110akovo<\/li>\n<li>Mario Ripli iz HPD Papuk Virovitica<\/li>\n<li>Kre\u0161imir Slobodnjak iz HPD Strmac Nova Gradi\u0161ka<\/li>\n<li>Milijan \u017dulj iz HPD Br\u0161ljan-Jankovac Osijek<\/li>\n<li>Igor Na\u0111 iz HPD Cibalia Vinkovci.<\/li>\n<\/ul>\n<p style=\"text-align: justify;\">Slijedili su izbori ostalih tijela i komisija te svi predlo\u017eeni izabrani bez primjedbi i jednoglasno.<\/p>\n<p style=\"text-align: justify;\">Skup\u0161tina je bila i prilika da se dodijele priznanja udrugama i pojedincima. Najve\u0107e priznanje za \u010dlanice SP je Priznanje Julije Kempf a pripalo je PD Psunj Pakrac, HPD Papuk Virovitica (obje uru\u010dene na prigodnim sve\u010danostima) i PD Krndija Na\u0161ice \u2013 sve dru\u0161tva iz sredina u kojima je organizirano planinarstvo prisutno vi\u0161e od 90 godina.<\/p>\n<p style=\"text-align: justify;\">Najvi\u0161e osobno Priznanje \u0110uro Pilar pripalo je Berislavu Tkalcu iz HPD Tikvica \u017dupanja a Priznanje Antun Petkovi\u0107 je zaslu\u017eli su Hrvoje Tr\u017ei\u0107 iz PD Krndija Na\u0161ice, Predrag Livak iz HPD Sokolovac Po\u017eega, Miro Mutter iz HPD Br\u0161ljan-Jankovac i Vlado Pavi\u0107i\u0107 iz PD Zanatlija Osijek.<\/p>\n<p style=\"text-align: justify;\">Osim navedenih, UO SP je dodijelio poseba priznanja za doprinos planinarstvu u Slavoniji Davoru Matasu, \u017deljki Pavli\u0107, \u017darku Ro\u010deku i Silviji Lu\u010devnjak te priznanja za suradnju u 2017. godini HPD Strmac Nova Gradi\u0161ka i Stanici HGSS Slavonski Brod.<\/p>\n<p style=\"text-align: right;\">OT<br \/>Foto: M. Cenbauer<\/p>\n<\/div>\n<p>[\/et_pb_text][et_pb_gallery _builder_version=&#8221;4.19.4&#8243; _module_preset=&#8221;default&#8221; theme_builder_area=&#8221;post_content&#8221; gallery_ids=&#8221;4310,4311,4312,4313,4314,4315,4316&#8243; posts_number=&#8221;7&#8243; show_title_and_caption=&#8221;off&#8221; hover_enabled=&#8221;0&#8243; sticky_enabled=&#8221;0&#8243;][\/et_pb_gallery][\/et_pb_column][\/et_pb_row][\/et_pb_section]<\/p>\n","protected":false},"excerpt":{"rendered":"<p>Izborna Skup\u0161tina udruge Slavonski planinari se odr\u017eala u subotu, 24. studenog 2018. Doma\u0107ini su bili DVD Na\u0161ice (prostor) i PD Krndija Na\u0161ice koji su sve dogovorili i doma\u0107inski pripremili. Prema uobi\u010dajenom dnevnom redu za takve skupove, prezentirani su izvje\u0161taji za prethodnu godinu s osvrtom na prethodni mandat. Razrje\u0161nicom svim tijelima i komisijama SP u mandatu [&hellip;]<\/p>\n","protected":false},"author":1,"featured_media":0,"comment_status":"closed","ping_status":"open","sticky":false,"template":"","format":"standard","meta":{"_et_pb_use_builder":"on","_et_pb_old_content":"","_et_gb_content_width":"1080","footnotes":""},"categories":[32],"tags":[],"class_list":["post-4308","post","type-post","status-publish","format-standard","hentry","category-32"],"_links":{"self":[{"href":"https:\/\/www.slavonski-planinari.hr\/arhiva\/wp-json\/wp\/v2\/posts\/4308","targetHints":{"allow":["GET"]}}],"collection":[{"href":"https:\/\/www.slavonski-planinari.hr\/arhiva\/wp-json\/wp\/v2\/posts"}],"about":[{"href":"https:\/\/www.slavonski-planinari.hr\/arhiva\/wp-json\/wp\/v2\/types\/post"}],"author":[{"embeddable":true,"href":"https:\/\/www.slavonski-planinari.hr\/arhiva\/wp-json\/wp\/v2\/users\/1"}],"replies":[{"embeddable":true,"href":"https:\/\/www.slavonski-planinari.hr\/arhiva\/wp-json\/wp\/v2\/comments?post=4308"}],"version-history":[{"count":0,"href":"https:\/\/www.slavonski-planinari.hr\/arhiva\/wp-json\/wp\/v2\/posts\/4308\/revisions"}],"wp:attachment":[{"href":"https:\/\/www.slavonski-planinari.hr\/arhiva\/wp-json\/wp\/v2\/media?parent=4308"}],"wp:term":[{"taxonomy":"category","embeddable":true,"href":"https:\/\/www.slavonski-planinari.hr\/arhiva\/wp-json\/wp\/v2\/categories?post=4308"},{"taxonomy":"post_tag","embeddable":true,"href":"https:\/\/www.slavonski-planinari.hr\/arhiva\/wp-json\/wp\/v2\/tags?post=4308"}],"curies":[{"name":"wp","href":"https:\/\/api.w.org\/{rel}","templated":true}]}}