{"id":4304,"date":"2018-11-15T07:51:00","date_gmt":"2018-11-15T06:51:00","guid":{"rendered":"https:\/\/www.slavonski-planinari.hr\/arhiva\/?p=4304"},"modified":"2023-01-26T07:52:46","modified_gmt":"2023-01-26T06:52:46","slug":"poziv-za-andinu-baraku-i-papucki-cener","status":"publish","type":"post","link":"https:\/\/www.slavonski-planinari.hr\/arhiva\/poziv-za-andinu-baraku-i-papucki-cener\/","title":{"rendered":"Poziv za An\u0111inu baraku i Papu\u010dki cener"},"content":{"rendered":"<p>[et_pb_section fb_built=&#8221;1&#8243; theme_builder_area=&#8221;post_content&#8221; _builder_version=&#8221;4.19.4&#8243; _module_preset=&#8221;default&#8221;][et_pb_row _builder_version=&#8221;4.19.4&#8243; _module_preset=&#8221;default&#8221; theme_builder_area=&#8221;post_content&#8221;][et_pb_column _builder_version=&#8221;4.19.4&#8243; _module_preset=&#8221;default&#8221; type=&#8221;4_4&#8243; theme_builder_area=&#8221;post_content&#8221;][et_pb_text _builder_version=&#8221;4.19.4&#8243; _module_preset=&#8221;default&#8221; theme_builder_area=&#8221;post_content&#8221; hover_enabled=&#8221;0&#8243; sticky_enabled=&#8221;0&#8243;]<\/p>\n<div class=\"itemIntroText\">\n<p>Pozivamo vas na 18. memorijalni pohod na &#8220;An\u0111inu baraku&#8221; 02.12.2018. u Velikoj.<\/p>\n<p>U sklopu memorijalnog pohoda odr\u017eava se i atletska utrka na 10 km &#8211; Papu\u010dki cener.<\/p>\n<\/div>\n<div class=\"itemFullText\">\n<p>Pohod \u0107e biti odr\u017ean 02. prosinca 2018. godine. Okupljanje je ispred crkve Sv. Augustina u Velikoj od 8.30 h, a polazak je u 9.00 h.<\/p>\n<p>Kod spomenika na An\u0111inoj baraci (o\u010dekivano oko 11.30 &#8211; 12.00h) odr\u017eati \u0107emo kratku molitvu i zapaliti svije\u0107e kako bi odali du\u017eno po\u0161tovanje poginulim braniteljima.<\/p>\n<p>Za sve sudionike \u0107e biti osigurana zakuska (tradicionalni kruh i mast) te topli \u010daj i kuhano vino.<\/p>\n<p>Povratak u Veliku planiran je do 16.00 h.<\/p>\n<p>Za sve dodatne informacije zovite nas na:<\/p>\n<ul>\n<li>098\/166 1480 ( Tomislav Juri\u0107 )<\/li>\n<li>091\/118 9901 ( Tomislav \u0160ebalj )<\/li>\n<\/ul>\n<p>U sklopu memorijalnog pohoda odr\u017eava se i 5. utrka na 10 kilometara od Velike do \u201eAn\u0111ine barake\u201c pod nazivom \u201ePapu\u010dki cener\u201c. Start utrke je u 10.30 h ispred zgrade Parka Prirode Papuk. Svi detalji utrke i prijave nalaze se na stranici<span>\u00a0<\/span><a href=\"http:\/\/www.stotinka.hr\/\">www.stotinka.hr<\/a><\/p>\n<p>Za dodatne informacije obratite se na: 098\/160 4468 ( Mario Peri\u0107 )<\/p>\n<p><img loading=\"lazy\" decoding=\"async\" src=\"https:\/\/www.slavonski-planinari.hr\/arhiva\/wp-content\/uploads\/2023\/01\/cener.jpg\" width=\"735\" height=\"457\" alt=\"\" class=\"wp-image-4306 aligncenter size-full\" srcset=\"https:\/\/www.slavonski-planinari.hr\/arhiva\/wp-content\/uploads\/2023\/01\/cener.jpg 735w, https:\/\/www.slavonski-planinari.hr\/arhiva\/wp-content\/uploads\/2023\/01\/cener-480x298.jpg 480w\" sizes=\"(min-width: 0px) and (max-width: 480px) 480px, (min-width: 481px) 735px, 100vw\" \/><\/p>\n<\/div>\n<p>[\/et_pb_text][\/et_pb_column][\/et_pb_row][\/et_pb_section]<\/p>\n","protected":false},"excerpt":{"rendered":"<p>Pozivamo vas na 18. memorijalni pohod na &#8220;An\u0111inu baraku&#8221; 02.12.2018. u Velikoj. U sklopu memorijalnog pohoda odr\u017eava se i atletska utrka na 10 km &#8211; Papu\u010dki cener. Pohod \u0107e biti odr\u017ean 02. prosinca 2018. godine. Okupljanje je ispred crkve Sv. Augustina u Velikoj od 8.30 h, a polazak je u 9.00 h. Kod spomenika na [&hellip;]<\/p>\n","protected":false},"author":1,"featured_media":0,"comment_status":"closed","ping_status":"open","sticky":false,"template":"","format":"standard","meta":{"_et_pb_use_builder":"on","_et_pb_old_content":"","_et_gb_content_width":"1080","footnotes":""},"categories":[32],"tags":[],"class_list":["post-4304","post","type-post","status-publish","format-standard","hentry","category-32"],"_links":{"self":[{"href":"https:\/\/www.slavonski-planinari.hr\/arhiva\/wp-json\/wp\/v2\/posts\/4304","targetHints":{"allow":["GET"]}}],"collection":[{"href":"https:\/\/www.slavonski-planinari.hr\/arhiva\/wp-json\/wp\/v2\/posts"}],"about":[{"href":"https:\/\/www.slavonski-planinari.hr\/arhiva\/wp-json\/wp\/v2\/types\/post"}],"author":[{"embeddable":true,"href":"https:\/\/www.slavonski-planinari.hr\/arhiva\/wp-json\/wp\/v2\/users\/1"}],"replies":[{"embeddable":true,"href":"https:\/\/www.slavonski-planinari.hr\/arhiva\/wp-json\/wp\/v2\/comments?post=4304"}],"version-history":[{"count":0,"href":"https:\/\/www.slavonski-planinari.hr\/arhiva\/wp-json\/wp\/v2\/posts\/4304\/revisions"}],"wp:attachment":[{"href":"https:\/\/www.slavonski-planinari.hr\/arhiva\/wp-json\/wp\/v2\/media?parent=4304"}],"wp:term":[{"taxonomy":"category","embeddable":true,"href":"https:\/\/www.slavonski-planinari.hr\/arhiva\/wp-json\/wp\/v2\/categories?post=4304"},{"taxonomy":"post_tag","embeddable":true,"href":"https:\/\/www.slavonski-planinari.hr\/arhiva\/wp-json\/wp\/v2\/tags?post=4304"}],"curies":[{"name":"wp","href":"https:\/\/api.w.org\/{rel}","templated":true}]}}