{"id":4296,"date":"2018-11-15T07:41:00","date_gmt":"2018-11-15T06:41:00","guid":{"rendered":"https:\/\/www.slavonski-planinari.hr\/arhiva\/?p=4296"},"modified":"2023-01-26T07:45:59","modified_gmt":"2023-01-26T06:45:59","slug":"fokinom-stazom","status":"publish","type":"post","link":"https:\/\/www.slavonski-planinari.hr\/arhiva\/fokinom-stazom\/","title":{"rendered":"Fokinom stazom"},"content":{"rendered":"<p>[et_pb_section fb_built=&#8221;1&#8243; theme_builder_area=&#8221;post_content&#8221; _builder_version=&#8221;4.19.4&#8243; _module_preset=&#8221;default&#8221;][et_pb_row _builder_version=&#8221;4.19.4&#8243; _module_preset=&#8221;default&#8221; theme_builder_area=&#8221;post_content&#8221;][et_pb_column _builder_version=&#8221;4.19.4&#8243; _module_preset=&#8221;default&#8221; type=&#8221;4_4&#8243; theme_builder_area=&#8221;post_content&#8221;][et_pb_text _builder_version=&#8221;4.19.4&#8243; _module_preset=&#8221;default&#8221; theme_builder_area=&#8221;post_content&#8221; hover_enabled=&#8221;0&#8243; sticky_enabled=&#8221;0&#8243;]<\/p>\n<div class=\"itemIntroText\">\n<p style=\"text-align: justify;\"><img loading=\"lazy\" decoding=\"async\" src=\"https:\/\/www.slavonski-planinari.hr\/arhiva\/wp-content\/uploads\/2023\/01\/sps.png\" width=\"126\" height=\"139\" alt=\"\" class=\"wp-image-2293 alignleft size-full\" \/>Pozivamo vas na 23. memorijalni pohod Fokinom stazom koji \u0107e se odr\u017eati 15.12.2018 godine sa po\u010detkom u 10 sati u Pakracu.<\/p>\n<p style=\"text-align: justify;\">Tradicionalni memorijalni planinarski pohod FOKINOM STAZOM 1991., organiziramo u subotu, 15. prosinca 2018. godine. Pohod se odr\u017eava u znak sje\u0107anja na Domovinski rat i pogibije na\u0161ih branitelja \u2013 IVANA BEDEKOVI\u0106A, ANTU \u0106URI\u0106A, FRANJU GA\u0160PARA, MARIJANA KULHAVOG FOKU, DRA\u017dENA HUDECA, \u017dELJKA NOVOSELA I DARKA PERO\u0160A.<\/p>\n<p style=\"text-align: justify;\">\n<\/div>\n<div class=\"itemFullText\">\n<p style=\"text-align: justify;\">Kao i ranijih godina, prije samog polaska na pohod, ujutro od 9 do 10 sati, sudionici mogu besplatno pogledati stalni postav Muzeja vojne i ratne povijesti (https:\/\/www.facebook.com\/mvrp.pakrac) koji je uspostavljen velikim trudom na\u0161eg pakra\u010dkog profesora Marija Tu\u0161eka i \u010dlanova Kluba ratni\u010dkih vje\u0161tina Pakrac.<\/p>\n<p style=\"text-align: justify;\">Muzej je na istoj adresi kao i pro\u0161le godine (Hrvatskih velikana 3) i nalazi se u biv\u0161oj zgradi stare Gradske vije\u0107nice, tzv. Varo\u0161ke ku\u0107e, tj. iznad sada\u0161nje prostorije Turisti\u010dke zajednice grada Pakraca, bo\u010dni ulaz desno, 1.kat, u neposrednoj blizini Trga bana Josipa Jela\u010di\u0107a.<\/p>\n<p style=\"text-align: justify;\">Isto tako, ove godine, za sve sudionike pohoda biti \u0107e otvoren i Muzej grada Pakraca http:\/\/www.muzej-pakrac.hr\/. Muzej grada Pakraca nalazi se nasuprot Muzeja vojne<br \/>i ratne povijesti. Postav muzeja mo\u0107i \u0107e se razgledati besplatno. Prijava svih sudionika pohoda obavlja se odmah ujutro pri dolasku, na na\u0161em nazna\u010denome INFO pultu, na lokaciji okupljanja.<\/p>\n<p style=\"text-align: justify;\">Polazak na pohod je u 10 sati sa mjesta okupljanja na Trgu bana Josipa Jela\u010di\u0107a u Pakracu. Napominjemo da se parkirna mjesta u Gradu napla\u0107uju, pa o tome valja voditi ra\u010duna. U neposrednoj blizini Trga na kojemu se okupljamo, nalaze se i lokacije bez naplate parkinga.<\/p>\n<p style=\"text-align: justify;\">Iz Pakraca polazimo u organiziranoj koloni uhodanom trasom pohoda. Iznad crkvice Svetog Roka simpatizer planinara, na\u0161 sugra\u0111anin Sre\u0107ko Brus sa svojim prijateljima i ove \u0107e godine pod trijemom svoje ku\u0107e sudionike pohoda po\u010dastiti toplim okrepljuju\u0107im napitcima i slavonskim mesnatim prera\u0111evinama.<\/p>\n<p style=\"text-align: justify;\">Na kraju ulice Sveti Rok, kod spomen\u2013obilje\u017eja na\u0161im braniteljima, polo\u017eit \u0107emo vijence, zapaliti svije\u0107e i odati po\u010dast uz prisje\u0107anje na Domovinski rat.<\/p>\n<p style=\"text-align: justify;\">Kosom iznad sela Kraguj i preko planinarskog odmori\u0161ta Trome\u0111a uobi\u010dajenim markiranim planinarskim pravcima nastavit \u0107emo pje\u0161a\u010denje do planinarskog doma Omanovac.<\/p>\n<p style=\"text-align: justify;\">Ovim putem \u017eelimo napomenuti i skrenuti pozornost da zbog mogu\u0107ih \u0161umskih radova na koje ne mo\u017eemo utjecati, mo\u017ee do\u0107i dodjelomi\u010dne promjene pje\u0161a\u010dke trase i to na dionici Fokine staze od planinarskog odmori\u0161ta Trome\u0111a do pl.doma Omanovac.<\/p>\n<p style=\"text-align: justify;\">U planinarskom domu biti \u0107e prire\u0111en planinarski grah po cijeni od 25,00 kn.<\/p>\n<p style=\"text-align: justify;\">Nakon ru\u010dka, planinarsko dru\u017eenje nastavljamo uz \u017eivu muziku.<\/p>\n<p style=\"text-align: justify;\">U propagandnoj ponudi na\u0161eg dru\u0161tva ove godine planiramo imati prigodne planinarske suvenire-rukotvorine pakra\u010dkih planinarki, nekoliko vrsta na\u0161ih planinarskih naljepnica, planinarske razglednice, dru\u0161tveni Plan izleta i drugih aktivnosti za 2019.godinu, pe\u010dat planinarskog pohoda, majice, kape, knjigu o povijesti pakra\u010dkog planinarstva autora Rudolfa Ci\u0161pera, letak o povijesti Fokine staze, dnevnik Fokine planinarske obilaznice, dnevnik planinarske obilaznice Planinarski put Psunjem, druge dnevnike planinarskih obilaznica, kartu Psunja u izdanju Hrvatske gorske slu\u017ebe spa\u0161avanja (HGSS), te druge uobi\u010dajene propagandne materijale na\u0161eg kraja.<\/p>\n<p style=\"text-align: justify;\">Organizirani pje\u0161a\u010dki povratak u Pakrac je u 17 sati, a okupljanje je kod putokaznog stupa postavljenog uz veliku livadu kod planinarskog doma Omanovac.<\/p>\n<p style=\"text-align: justify;\">Za planinarski pohod obucite se primjereno vremenskim prilikama i vlastitim potrebama. Pohodu pristupate na svoju odgovornost uz po\u0161tivanje pravila sigurnog boravka u planinama i treba slu\u0161ati upute vodi\u010da.<\/p>\n<p style=\"text-align: justify;\">Zbog bolje organizacije pohoda najavite nam nekoliko dana ranije svoj dolazak sa ukupnim brojem va\u0161ih sudionika.<\/p>\n<p style=\"text-align: justify;\">Na\u0161i kontakti su: Zoran (vodi\u010d pohoda), 098 185 00 88,<span>\u00a0<\/span><span id=\"cloakdcf887f4b9fed5203d7c7e7c73bd1205\"><a href=\"mailto:zoka.pakrac@gmail.com\">zoka.pakrac@gmail.com<\/a><\/span>Stevo, 098 482 875,<span>\u00a0<\/span><span id=\"cloak50b942cc389cb7c69c42bb69df3d11a6\"><a href=\"mailto:nagy.stevo@gmail.com\">nagy.stevo@gmail.com<\/a><\/span><span>\u00a0<\/span>ili nam se javite na gore navedenu dru\u0161tvenu mail adresu.<\/p>\n<p style=\"text-align: justify;\">Radujemo se Va\u0161em dolasku.<\/p>\n<\/div>\n<p>[\/et_pb_text][\/et_pb_column][\/et_pb_row][\/et_pb_section]<\/p>\n","protected":false},"excerpt":{"rendered":"<p>Pozivamo vas na 23. memorijalni pohod Fokinom stazom koji \u0107e se odr\u017eati 15.12.2018 godine sa po\u010detkom u 10 sati u Pakracu. Tradicionalni memorijalni planinarski pohod FOKINOM STAZOM 1991., organiziramo u subotu, 15. prosinca 2018. godine. Pohod se odr\u017eava u znak sje\u0107anja na Domovinski rat i pogibije na\u0161ih branitelja \u2013 IVANA BEDEKOVI\u0106A, ANTU \u0106URI\u0106A, FRANJU GA\u0160PARA, [&hellip;]<\/p>\n","protected":false},"author":1,"featured_media":0,"comment_status":"closed","ping_status":"open","sticky":false,"template":"","format":"standard","meta":{"_et_pb_use_builder":"on","_et_pb_old_content":"","_et_gb_content_width":"1080","footnotes":""},"categories":[32],"tags":[],"class_list":["post-4296","post","type-post","status-publish","format-standard","hentry","category-32"],"_links":{"self":[{"href":"https:\/\/www.slavonski-planinari.hr\/arhiva\/wp-json\/wp\/v2\/posts\/4296","targetHints":{"allow":["GET"]}}],"collection":[{"href":"https:\/\/www.slavonski-planinari.hr\/arhiva\/wp-json\/wp\/v2\/posts"}],"about":[{"href":"https:\/\/www.slavonski-planinari.hr\/arhiva\/wp-json\/wp\/v2\/types\/post"}],"author":[{"embeddable":true,"href":"https:\/\/www.slavonski-planinari.hr\/arhiva\/wp-json\/wp\/v2\/users\/1"}],"replies":[{"embeddable":true,"href":"https:\/\/www.slavonski-planinari.hr\/arhiva\/wp-json\/wp\/v2\/comments?post=4296"}],"version-history":[{"count":0,"href":"https:\/\/www.slavonski-planinari.hr\/arhiva\/wp-json\/wp\/v2\/posts\/4296\/revisions"}],"wp:attachment":[{"href":"https:\/\/www.slavonski-planinari.hr\/arhiva\/wp-json\/wp\/v2\/media?parent=4296"}],"wp:term":[{"taxonomy":"category","embeddable":true,"href":"https:\/\/www.slavonski-planinari.hr\/arhiva\/wp-json\/wp\/v2\/categories?post=4296"},{"taxonomy":"post_tag","embeddable":true,"href":"https:\/\/www.slavonski-planinari.hr\/arhiva\/wp-json\/wp\/v2\/tags?post=4296"}],"curies":[{"name":"wp","href":"https:\/\/api.w.org\/{rel}","templated":true}]}}