{"id":4270,"date":"2018-10-15T13:42:00","date_gmt":"2018-10-15T12:42:00","guid":{"rendered":"https:\/\/www.slavonski-planinari.hr\/arhiva\/?p=4270"},"modified":"2023-01-25T13:44:23","modified_gmt":"2023-01-25T12:44:23","slug":"obiljezavanje-90-godina-drustva","status":"publish","type":"post","link":"https:\/\/www.slavonski-planinari.hr\/arhiva\/obiljezavanje-90-godina-drustva\/","title":{"rendered":"Obilje\u017eavanje 90 godina dru\u0161tva"},"content":{"rendered":"<p>[et_pb_section fb_built=&#8221;1&#8243; theme_builder_area=&#8221;post_content&#8221; _builder_version=&#8221;4.19.4&#8243; _module_preset=&#8221;default&#8221;][et_pb_row _builder_version=&#8221;4.19.4&#8243; _module_preset=&#8221;default&#8221; theme_builder_area=&#8221;post_content&#8221;][et_pb_column _builder_version=&#8221;4.19.4&#8243; _module_preset=&#8221;default&#8221; type=&#8221;4_4&#8243; theme_builder_area=&#8221;post_content&#8221;][et_pb_text _builder_version=&#8221;4.19.4&#8243; _module_preset=&#8221;default&#8221; theme_builder_area=&#8221;post_content&#8221; hover_enabled=&#8221;0&#8243; sticky_enabled=&#8221;0&#8243;]<\/p>\n<div class=\"itemIntroText\">\n<p style=\"text-align: justify;\"><a href=\"https:\/\/www.slavonski-planinari.hr\/arhiva\/wp-content\/uploads\/2023\/01\/pd-virovitica-godisnjica.jpg\"><img loading=\"lazy\" decoding=\"async\" src=\"https:\/\/www.slavonski-planinari.hr\/arhiva\/wp-content\/uploads\/2023\/01\/pd-virovitica-godisnjica.jpg\" width=\"170\" height=\"111\" alt=\"\" class=\"wp-image-4273 alignleft size-full\" \/><\/a>Hrvatsko planinarsko dru\u0161tvo \u201ePAPUK\u201c, sa sjedi\u0161tem u Virovitici, u mjesecu listopadu obilje\u017eava 90. godinu postojanja i neprekidnog djelovanja dru\u0161tva.<\/p>\n<\/div>\n<div class=\"itemFullText\">\n<p style=\"text-align: justify;\">U dane vikenda od 12.10.2018. do 14.10.2018. godine, pripremljen je raznolik program obilje\u017eavanja kojime su se predstavili gra\u0111anima grada Virovitice, Viroviti\u010dko-podravske \u017eupanije i ostalim simpatizerima prirode, zdravog \u017eivljenja, a samim time i planinarenja.<\/p>\n<p style=\"text-align: justify;\">Proslava je po\u010dela u petak, 12.10.2018., od 17:00 sati, u Gradskom muzeju Virovitica, \u201eIzlo\u017ebom fotografija i planinarske opreme\u201c, koja \u0107e biti otvorena do 4. studenog 2018.<\/p>\n<p style=\"text-align: justify;\">Nakon izlo\u017ebe, od 18:00 sati, u prostorijama Udru\u017eenja Obrtnika Virovitica, za \u010dlanove dru\u0161tva i njihove uzvanike, odr\u017eala se je sredi\u0161nja sve\u010danost obilje\u017eavanja na kojoj su prisutni bili upoznati sa samim po\u010detkom rada dru\u0161tva, njegov nastanak, va\u017ene doga\u0111aje koji su pridonijeli razvoju planinarstva njihovog kraja. Prisutne su pozdravili predsjednica Gradskog vije\u0107a Grada Virovitice Lahorka Weiss, predsjednik Sportske zajednice grada Virovitice Josip \u0160krablin i predsjednik Slavonskih planinara Otmar Tosenberger.<\/p>\n<p style=\"text-align: justify;\"><img loading=\"lazy\" decoding=\"async\" src=\"https:\/\/www.slavonski-planinari.hr\/arhiva\/wp-content\/uploads\/2023\/01\/pd-virovitica.jpg\" width=\"600\" height=\"401\" alt=\"\" class=\"wp-image-4272 aligncenter size-full\" srcset=\"https:\/\/www.slavonski-planinari.hr\/arhiva\/wp-content\/uploads\/2023\/01\/pd-virovitica.jpg 600w, https:\/\/www.slavonski-planinari.hr\/arhiva\/wp-content\/uploads\/2023\/01\/pd-virovitica-480x321.jpg 480w\" sizes=\"(min-width: 0px) and (max-width: 480px) 480px, (min-width: 481px) 600px, 100vw\" \/><\/p>\n<p style=\"text-align: justify;\">Sve\u010danost obilje\u017eavanja 90. ro\u0111endana uveli\u010dali su \u010dlanovi KUD-a Virovitica te pjeva\u010dka skupina Zajednice Ma\u0111ara VP\u017d: &#8220;Ver\u00f6cei gerlic\u00e9k&#8221; (Viroviti\u010dke grlice). Dru\u0161tvu je u ime udruge SLAVONSKI PLANINARI po predsjedniku Otmaru uru\u010deno priznanje \u201eJulije Kempf\u201c \u2013 najvi\u0161i oblik priznanja za naro\u010dite uspjehe planinarske udruge na razvitku planinarstva na podru\u010dju Slavonije.<\/p>\n<p style=\"text-align: right;\">tekst i foto: Mario Ripli, tajnik HPD Papuk<\/p>\n<\/div>\n<p>[\/et_pb_text][\/et_pb_column][\/et_pb_row][\/et_pb_section]<\/p>\n","protected":false},"excerpt":{"rendered":"<p>Hrvatsko planinarsko dru\u0161tvo \u201ePAPUK\u201c, sa sjedi\u0161tem u Virovitici, u mjesecu listopadu obilje\u017eava 90. godinu postojanja i neprekidnog djelovanja dru\u0161tva. U dane vikenda od 12.10.2018. do 14.10.2018. godine, pripremljen je raznolik program obilje\u017eavanja kojime su se predstavili gra\u0111anima grada Virovitice, Viroviti\u010dko-podravske \u017eupanije i ostalim simpatizerima prirode, zdravog \u017eivljenja, a samim time i planinarenja. Proslava je po\u010dela [&hellip;]<\/p>\n","protected":false},"author":1,"featured_media":0,"comment_status":"closed","ping_status":"open","sticky":false,"template":"","format":"standard","meta":{"_et_pb_use_builder":"on","_et_pb_old_content":"","_et_gb_content_width":"1080","footnotes":""},"categories":[32],"tags":[],"class_list":["post-4270","post","type-post","status-publish","format-standard","hentry","category-32"],"_links":{"self":[{"href":"https:\/\/www.slavonski-planinari.hr\/arhiva\/wp-json\/wp\/v2\/posts\/4270","targetHints":{"allow":["GET"]}}],"collection":[{"href":"https:\/\/www.slavonski-planinari.hr\/arhiva\/wp-json\/wp\/v2\/posts"}],"about":[{"href":"https:\/\/www.slavonski-planinari.hr\/arhiva\/wp-json\/wp\/v2\/types\/post"}],"author":[{"embeddable":true,"href":"https:\/\/www.slavonski-planinari.hr\/arhiva\/wp-json\/wp\/v2\/users\/1"}],"replies":[{"embeddable":true,"href":"https:\/\/www.slavonski-planinari.hr\/arhiva\/wp-json\/wp\/v2\/comments?post=4270"}],"version-history":[{"count":0,"href":"https:\/\/www.slavonski-planinari.hr\/arhiva\/wp-json\/wp\/v2\/posts\/4270\/revisions"}],"wp:attachment":[{"href":"https:\/\/www.slavonski-planinari.hr\/arhiva\/wp-json\/wp\/v2\/media?parent=4270"}],"wp:term":[{"taxonomy":"category","embeddable":true,"href":"https:\/\/www.slavonski-planinari.hr\/arhiva\/wp-json\/wp\/v2\/categories?post=4270"},{"taxonomy":"post_tag","embeddable":true,"href":"https:\/\/www.slavonski-planinari.hr\/arhiva\/wp-json\/wp\/v2\/tags?post=4270"}],"curies":[{"name":"wp","href":"https:\/\/api.w.org\/{rel}","templated":true}]}}