{"id":4261,"date":"2018-10-14T13:38:00","date_gmt":"2018-10-14T12:38:00","guid":{"rendered":"https:\/\/www.slavonski-planinari.hr\/arhiva\/?p=4261"},"modified":"2023-01-25T13:40:30","modified_gmt":"2023-01-25T12:40:30","slug":"jesen-na-dilju-3","status":"publish","type":"post","link":"https:\/\/www.slavonski-planinari.hr\/arhiva\/jesen-na-dilju-3\/","title":{"rendered":"Jesen na Dilju"},"content":{"rendered":"<p>[et_pb_section fb_built=&#8221;1&#8243; theme_builder_area=&#8221;post_content&#8221; _builder_version=&#8221;4.19.4&#8243; _module_preset=&#8221;default&#8221; custom_padding=&#8221;||182px|||&#8221;][et_pb_row _builder_version=&#8221;4.19.4&#8243; _module_preset=&#8221;default&#8221; theme_builder_area=&#8221;post_content&#8221;][et_pb_column _builder_version=&#8221;4.19.4&#8243; _module_preset=&#8221;default&#8221; type=&#8221;4_4&#8243; theme_builder_area=&#8221;post_content&#8221;][et_pb_text _builder_version=&#8221;4.19.4&#8243; _module_preset=&#8221;default&#8221; theme_builder_area=&#8221;post_content&#8221; hover_enabled=&#8221;0&#8243; sticky_enabled=&#8221;0&#8243;]<\/p>\n<div class=\"itemIntroText\">\n<p><img loading=\"lazy\" decoding=\"async\" src=\"https:\/\/www.slavonski-planinari.hr\/arhiva\/wp-content\/uploads\/2023\/01\/jesen-dilj-1.jpg\" width=\"170\" height=\"113\" alt=\"\" class=\"wp-image-4263 alignleft size-full\" \/>\u010cast nam je pozvati vas na 23. tradicionalni pohod &#8220;Jesen na Dilju&#8221;, koji organizira\u00a0PD Tikvica, \u017dupanja, a odr\u017eat \u010de se u nedjelju, 21.10.2018.<\/p>\n<p>&nbsp;<\/p>\n<p>&nbsp;<\/p>\n<p>&nbsp;<\/p>\n<\/div>\n<div class=\"itemFullText\">\n<p><strong>Program:<\/strong><\/p>\n<p>9:00-10:00 &#8211; okupljanje planinara kod lova\u010dkog doma &#8220;Prezdanak&#8221; i kratko dru\u017eenje uz \u010daj i doru\u010dak. Promocija i prodaja &#8220;Spomen-dnevnika&#8221; pohoda<br \/>10:00 &#8211; polazak na stazu Prezdanak-\u010cardak<br \/>14:00 &#8211; predvi\u0111eni povratak planinara do lova\u010dkog doma, gdje \u0107e biti osiguran ru\u010dak i pi\u0107e po primjerenim cijenama. Poslije ru\u010dka dru\u017eenje uz tambura\u0161e.<br \/>16:00-16:30 &#8211; Zatvaranje pohoda i ispra\u0107aj gostiju.<\/p>\n<p>Molimo planinarska dru\u0161tva da nam na vrijeme prijave svoj dolazak, kao i broj sudionika pohoda po dru\u0161tvima, kako bi mogli svima osigurati ru\u010dak i pi\u0107e.<\/p>\n<p>Kontakt telefon: 098 906 3395 Nada Borilovi\u0107<\/p>\n<\/div>\n<p>[\/et_pb_text][\/et_pb_column][\/et_pb_row][\/et_pb_section]<\/p>\n","protected":false},"excerpt":{"rendered":"<p>\u010cast nam je pozvati vas na 23. tradicionalni pohod &#8220;Jesen na Dilju&#8221;, koji organizira\u00a0PD Tikvica, \u017dupanja, a odr\u017eat \u010de se u nedjelju, 21.10.2018. &nbsp; &nbsp; &nbsp; Program: 9:00-10:00 &#8211; okupljanje planinara kod lova\u010dkog doma &#8220;Prezdanak&#8221; i kratko dru\u017eenje uz \u010daj i doru\u010dak. Promocija i prodaja &#8220;Spomen-dnevnika&#8221; pohoda10:00 &#8211; polazak na stazu Prezdanak-\u010cardak14:00 &#8211; predvi\u0111eni povratak [&hellip;]<\/p>\n","protected":false},"author":1,"featured_media":0,"comment_status":"closed","ping_status":"open","sticky":false,"template":"","format":"standard","meta":{"_et_pb_use_builder":"on","_et_pb_old_content":"","_et_gb_content_width":"1080","footnotes":""},"categories":[32],"tags":[],"class_list":["post-4261","post","type-post","status-publish","format-standard","hentry","category-32"],"_links":{"self":[{"href":"https:\/\/www.slavonski-planinari.hr\/arhiva\/wp-json\/wp\/v2\/posts\/4261","targetHints":{"allow":["GET"]}}],"collection":[{"href":"https:\/\/www.slavonski-planinari.hr\/arhiva\/wp-json\/wp\/v2\/posts"}],"about":[{"href":"https:\/\/www.slavonski-planinari.hr\/arhiva\/wp-json\/wp\/v2\/types\/post"}],"author":[{"embeddable":true,"href":"https:\/\/www.slavonski-planinari.hr\/arhiva\/wp-json\/wp\/v2\/users\/1"}],"replies":[{"embeddable":true,"href":"https:\/\/www.slavonski-planinari.hr\/arhiva\/wp-json\/wp\/v2\/comments?post=4261"}],"version-history":[{"count":0,"href":"https:\/\/www.slavonski-planinari.hr\/arhiva\/wp-json\/wp\/v2\/posts\/4261\/revisions"}],"wp:attachment":[{"href":"https:\/\/www.slavonski-planinari.hr\/arhiva\/wp-json\/wp\/v2\/media?parent=4261"}],"wp:term":[{"taxonomy":"category","embeddable":true,"href":"https:\/\/www.slavonski-planinari.hr\/arhiva\/wp-json\/wp\/v2\/categories?post=4261"},{"taxonomy":"post_tag","embeddable":true,"href":"https:\/\/www.slavonski-planinari.hr\/arhiva\/wp-json\/wp\/v2\/tags?post=4261"}],"curies":[{"name":"wp","href":"https:\/\/api.w.org\/{rel}","templated":true}]}}