{"id":4257,"date":"2018-10-14T13:36:00","date_gmt":"2018-10-14T12:36:00","guid":{"rendered":"https:\/\/www.slavonski-planinari.hr\/arhiva\/?p=4257"},"modified":"2023-01-25T13:38:24","modified_gmt":"2023-01-25T12:38:24","slug":"planinarski-tjedan-u-pozegi","status":"publish","type":"post","link":"https:\/\/www.slavonski-planinari.hr\/arhiva\/planinarski-tjedan-u-pozegi\/","title":{"rendered":"Planinarski tjedan u Po\u017eegi"},"content":{"rendered":"<p>[et_pb_section fb_built=&#8221;1&#8243; theme_builder_area=&#8221;post_content&#8221; _builder_version=&#8221;4.19.4&#8243; _module_preset=&#8221;default&#8221; custom_padding=&#8221;||334px|||&#8221;][et_pb_row _builder_version=&#8221;4.19.4&#8243; _module_preset=&#8221;default&#8221; theme_builder_area=&#8221;post_content&#8221;][et_pb_column _builder_version=&#8221;4.19.4&#8243; _module_preset=&#8221;default&#8221; type=&#8221;4_4&#8243; theme_builder_area=&#8221;post_content&#8221;][et_pb_text _builder_version=&#8221;4.19.4&#8243; _module_preset=&#8221;default&#8221; theme_builder_area=&#8221;post_content&#8221; hover_enabled=&#8221;0&#8243; sticky_enabled=&#8221;0&#8243;]<\/p>\n<div class=\"itemIntroText\">\n<p><img loading=\"lazy\" decoding=\"async\" src=\"https:\/\/www.slavonski-planinari.hr\/arhiva\/wp-content\/uploads\/2023\/01\/sokolovac-otvorena-vrata.jpg\" width=\"170\" height=\"113\" alt=\"\" class=\"wp-image-4259 alignleft size-full\" \/>Dani otvorenih vraha HPD Sokolovac Po\u017eega &#8211; u ponedjeljak, utorak i \u010detvrtak od 19 do 21 sat. Zainteresirani \u0107e mo\u0107i do\u0107u u prostorije Dru\u0161tva (Ulica Matice Hrvatske 13, Po\u017eega) i pregledati publikacije koje je izdalo Dru\u0161tvo, te publikacije drugih planinarskih dru\u0161tava i planinarsku opremu.<\/p>\n<\/div>\n<div class=\"itemFullText\">\n<p>U srijedu, 17.10. u 19:00 u Gradskoj knji\u017enici Po\u017eega odr\u017eat \u0107e se predavanje o ekspediciji \u010dlanova Dru\u0161tva u Iran, te uspon na najvi\u0161i vrh Damavand, nakon kojeg \u0107e \u010dlanovi Dru\u0161tva sudionici ove ekspedicije pri\u010dati o svojim dojmovima i sje\u0107anjima.<\/p>\n<p>U petakm 19.10. u Planinarskom klubu PLAK, odr\u017eat \u0107e se &#8220;Predstavljanje du\u017einskog planinarskog puta Via Dinarica, koji \u0107e predstaviti Alan \u010caplar.<\/p>\n<p>U subotu 20.10. u planinarskom domu Lapjak odr\u017eat \u0107e se Planinarski bal.<\/p>\n<p>U nedjelju, 21.10. \u010dlanovi dru\u0161tva idu na izlet HPD-a Tikvica, \u017dupanja, &#8220;Jesen na Dilju&#8221;.<\/p>\n<\/div>\n<p>[\/et_pb_text][\/et_pb_column][\/et_pb_row][\/et_pb_section]<\/p>\n","protected":false},"excerpt":{"rendered":"<p>Dani otvorenih vraha HPD Sokolovac Po\u017eega &#8211; u ponedjeljak, utorak i \u010detvrtak od 19 do 21 sat. Zainteresirani \u0107e mo\u0107i do\u0107u u prostorije Dru\u0161tva (Ulica Matice Hrvatske 13, Po\u017eega) i pregledati publikacije koje je izdalo Dru\u0161tvo, te publikacije drugih planinarskih dru\u0161tava i planinarsku opremu. U srijedu, 17.10. u 19:00 u Gradskoj knji\u017enici Po\u017eega odr\u017eat \u0107e [&hellip;]<\/p>\n","protected":false},"author":1,"featured_media":0,"comment_status":"closed","ping_status":"open","sticky":false,"template":"","format":"standard","meta":{"_et_pb_use_builder":"on","_et_pb_old_content":"","_et_gb_content_width":"1080","footnotes":""},"categories":[32],"tags":[],"class_list":["post-4257","post","type-post","status-publish","format-standard","hentry","category-32"],"_links":{"self":[{"href":"https:\/\/www.slavonski-planinari.hr\/arhiva\/wp-json\/wp\/v2\/posts\/4257","targetHints":{"allow":["GET"]}}],"collection":[{"href":"https:\/\/www.slavonski-planinari.hr\/arhiva\/wp-json\/wp\/v2\/posts"}],"about":[{"href":"https:\/\/www.slavonski-planinari.hr\/arhiva\/wp-json\/wp\/v2\/types\/post"}],"author":[{"embeddable":true,"href":"https:\/\/www.slavonski-planinari.hr\/arhiva\/wp-json\/wp\/v2\/users\/1"}],"replies":[{"embeddable":true,"href":"https:\/\/www.slavonski-planinari.hr\/arhiva\/wp-json\/wp\/v2\/comments?post=4257"}],"version-history":[{"count":0,"href":"https:\/\/www.slavonski-planinari.hr\/arhiva\/wp-json\/wp\/v2\/posts\/4257\/revisions"}],"wp:attachment":[{"href":"https:\/\/www.slavonski-planinari.hr\/arhiva\/wp-json\/wp\/v2\/media?parent=4257"}],"wp:term":[{"taxonomy":"category","embeddable":true,"href":"https:\/\/www.slavonski-planinari.hr\/arhiva\/wp-json\/wp\/v2\/categories?post=4257"},{"taxonomy":"post_tag","embeddable":true,"href":"https:\/\/www.slavonski-planinari.hr\/arhiva\/wp-json\/wp\/v2\/tags?post=4257"}],"curies":[{"name":"wp","href":"https:\/\/api.w.org\/{rel}","templated":true}]}}