{"id":4247,"date":"2018-09-20T13:30:00","date_gmt":"2018-09-20T12:30:00","guid":{"rendered":"https:\/\/www.slavonski-planinari.hr\/arhiva\/?p=4247"},"modified":"2023-01-25T13:32:17","modified_gmt":"2023-01-25T12:32:17","slug":"3-osjecki-pjesacki-put","status":"publish","type":"post","link":"https:\/\/www.slavonski-planinari.hr\/arhiva\/3-osjecki-pjesacki-put\/","title":{"rendered":"3. Osje\u010dki pje\u0161a\u010dki put"},"content":{"rendered":"<p>[et_pb_section fb_built=&#8221;1&#8243; theme_builder_area=&#8221;post_content&#8221; _builder_version=&#8221;4.19.4&#8243; _module_preset=&#8221;default&#8221;][et_pb_row _builder_version=&#8221;4.19.4&#8243; _module_preset=&#8221;default&#8221; theme_builder_area=&#8221;post_content&#8221;][et_pb_column _builder_version=&#8221;4.19.4&#8243; _module_preset=&#8221;default&#8221; type=&#8221;4_4&#8243; theme_builder_area=&#8221;post_content&#8221;][et_pb_text _builder_version=&#8221;4.19.4&#8243; _module_preset=&#8221;default&#8221; theme_builder_area=&#8221;post_content&#8221; hover_enabled=&#8221;0&#8243; sticky_enabled=&#8221;0&#8243;]<\/p>\n<div class=\"itemIntroText\">\n<p style=\"text-align: justify;\"><img loading=\"lazy\" decoding=\"async\" src=\"https:\/\/www.slavonski-planinari.hr\/arhiva\/wp-content\/uploads\/2023\/01\/OPP_2017_036.jpg\" width=\"194\" height=\"146\" alt=\"\" class=\"wp-image-3833 alignleft size-full\" \/>Osobito nam je zadovoljstvo pozvati Vas na sudjelovanje u Osje\u010dkom pje\u0161a\u010dkom putu koji \u0107e odr\u017eati 6. listopada 2018. godine. Okupljanje sudionika bit \u0107e na Trgu Ante Star\u010devi\u0107a od 9.00 h, a polazak \u0107e uslijediti s u 10.00 h.<\/p>\n<p style=\"text-align: justify;\">\n<p style=\"text-align: justify;\">\n<p style=\"text-align: justify;\">\n<p style=\"text-align: justify;\">\n<p style=\"text-align: justify;\">\n<p style=\"text-align: justify;\">\n<p style=\"text-align: justify;\">\n<p style=\"text-align: justify;\">\n<p style=\"text-align: justify;\">\n<\/div>\n<div class=\"itemFullText\">\n<p style=\"text-align: justify;\">Osje\u010dki pje\u0161a\u010dki put obuhva\u0107a 5 kontrolnih to\u010daka (KT):<\/p>\n<ul style=\"text-align: justify;\">\n<li>KT1 TRG ANTE STAR\u010cEVI\u0106A<\/li>\n<li>KT2 TRG SVETOG TROJSTVA<\/li>\n<li>KT3 RESTORAN \u201cCOPACABANA\u201d<\/li>\n<li>KT4 \u201cZOO\u201d HOTEL OSIJEK<\/li>\n<li>KT5 UDI\u010cARSKI DOM, JOSIPOVAC<\/li>\n<\/ul>\n<p style=\"text-align: justify;\">Veselimo se \u0161to \u0107ete zajedno s nama podijeliti radost obilje\u017eavanja i uveli\u010dati ovako zna\u010dajan doga\u0111aj za na\u0161e Dru\u0161tvo!<\/p>\n<p style=\"text-align: justify;\">Nadamo se da \u0107e Vas ljepota pje\u0161a\u010denja na\u0161im predivnim gradom potaknuti na ponovni dolazak svake sljede\u0107e godine u isto vrijeme.<\/p>\n<p style=\"text-align: justify;\">Dnevnik OPP-a mo\u017eete kupiti po simboli\u010dnoj cijeni od 10 kn.<\/p>\n<p style=\"text-align: justify;\">HPD \u201cBr\u0161ljan-Jankovac\u201d<\/p>\n<h3 style=\"text-align: justify;\">Retrospektivni pogled na osnivanje i otvaranje Osje\u010dkog pje\u0161a\u010dkog puta<\/h3>\n<p style=\"text-align: justify;\">Povodom proslave dana grada Osijeka PD Jankovac je poklonio gra\u0111anima jedan trajan oblik rekreacije bez obzira na \u010dlansku pripadnost.<\/p>\n<p style=\"text-align: justify;\">Nakon du\u017eih priprema 12. travnja 1981. godine otvoren je Osje\u010dki pje\u0161a\u010dki put. Glavni inicijator bio je Miroslav Mato\u0161evi\u0107 koji je uz potporu mladih \u010dlanova trasirao i markirao 12 km puta. U pravilniku koji je otisnut u iskaznici OPP-a napominje se kako je put osnovan sa svrhom da gra\u0111ane grada Osijeka izvede iz zatvorenih i sku\u010denih prostora te zaga\u0111enog zraka od razli\u010ditih postrojenja u nezaga\u0111ene \u0161ume i livade bli\u017eeg podru\u010dja u rekreativnom smislu pod lozinkom \u201ePje\u0161ke u starost\u201c.<\/p>\n<p style=\"text-align: justify;\">Iskaznica OPP-a mogla se kupiti za 50 dinara. Osje\u010dki pje\u0161a\u010dki put je bio linijski put koji je sadr\u017eavao 5 kontrolnih to\u010daka (KT). Put je detaljno bio opisan i ucrtan u iskaznici. Trajao je ukupno 3 sata. Zapo\u010dinjao je od sjedi\u0161ta dru\u0161tva (A. Cesarca 1) (KT1) te je bilo potrebno 15 minuta do (KT2) odnosno Gradskog muzeja. Nadalje je vodio od muzeja kroz Tvr\u0111u, stari dio grada, \u0161etali\u0161tem uz Dravu preko kolnog mosta pa uz Dravu do (KT3) restorana \u201eCopacabana\u201c. U restaranu je bila pauza za osvje\u017eenje nakon koje se nastavila dionica do zolo\u0161kog vrta (KT4) u trajanju od narednih pola sata. Tada se skelom prevozilo na drugu stranu Drave te potom jo\u0161 dva sata hodalo do Udi\u010darskog doma &#8211; posljednje kontrolne to\u010dke (KT5).<\/p>\n<p style=\"text-align: justify;\">Put je bio markiran uobi\u010dajenim planinarskim markacijama. Iskaznica OPP-a mogla se dostaviti ili donijeti u dru\u0161tvo te se za uspomenu na ishodani put dobila zna\u010dka vi\u0161ebojnog tiska i dizajna s ukusom koja je predstavljala rad \u010dlana PD Jankovac, studenta Fakulteta za likovnu umjetnost, Jovice Mari\u010di\u0107a.<\/p>\n<p style=\"text-align: justify;\">Obilaznica je deaktivirana iz tehni\u010dkih razloga.<\/p>\n<p style=\"text-align: justify;\">\n<h3 style=\"text-align: justify;\">OPIS PUTA<\/h3>\n<p style=\"text-align: justify;\">OPP \u0107e uklju\u010divti pet kontrolnih to\u010daka. Polazno odredi\u0161te bit \u0107e Trg Ante Star\u010devi\u0107a 4 na kojemu je ujedno i sjedi\u0161te dru\u0161tva PD \u201eBr\u0161ljan-Jankovac\u201c te \u0107e to ujedno biti i prva kontrolna to\u010dka. Druga kontrolna to\u010dka bit \u0107e u Tvr\u0111i do koje je udaljenost 1,6 km. Tre\u0107a KT se nalazi kod restorana Copacabana i do nje udaljenost iznosi 1,3 km. \u010cetvrta je KT smje\u0161tena kod ZOO restorana, a do koje je udaljenost 2,3 km odakle \u0107e se sudionici Kompom prevesti na desnu obalu Drave te uz Dravu pje\u0161a\u010diti do u\u0161\u0107a rijeke Kara\u0161ice sve do Udi\u010darskog doma gdje \u0107e biti peta kontrolna to\u010dka. Od Dravskog mosta do Udi\u010darskog doma ima ukupno 4,6 km. Hoda\u010dka \u0107e se staza ishodati za oko 3,5 sata.<\/p>\n<p style=\"text-align: justify;\">Tko ne bude \u017eelio pje\u0161a\u010diti sve do Udi\u010darskog doma mo\u017ee se vratiti prema Trgu Ante Star\u010devi\u0107a. Svi sudionici se nakon posjeta Udi\u010darskom domu mogu vratiti u vlastitoj re\u017eiji ili organizirano u pratnji vodi\u010da pje\u0161ke istim putem u Osijek.<\/p>\n<p style=\"text-align: justify;\">Povratak \u0107e biti u 16.30, 17.30 i 18.30 sati do kompe na Dravi.<\/p>\n<p style=\"text-align: justify;\">\n<p style=\"text-align: justify;\"><strong>Svrha projekta \u201cREVITALIZACIJA OSJE\u010cKOG PJE\u0160A\u010cKOG PUTA\u201d<\/strong><span>\u00a0<\/span>(OPP) je potaknuti gra\u0111ane na tzv \u201eantistresno hodanje\u201c s ciljem o\u010duvanja zdravlja.<\/p>\n<p style=\"text-align: justify;\">HPD \u201cBr\u0161ljan-Jankovac\u201d poklanja gra\u0111anima grada Osijeka povodom \u201cDana pje\u0161a\u010denja\u201d ovakav jedan spektakularni doga\u0111aj. Nastoji se podi\u0107i svijest gra\u0111ana na\u0161e \u017eupanije o va\u017enosti provo\u0111enja tjelesne aktivnosti s ciljem prevencije od bolesti suvremenog doba.<\/p>\n<p style=\"text-align: justify;\">Radi promicanja kulture zdravlja planira se revitalizirati OPP koji je osmi\u0161ljen jo\u0161 davne 1971. godine. Akcija je stavljena u plan Slavonskog planinarskog saveza, a odr\u017eavat \u0107e se 1. listopada svake godine. Revitalizacijom OPP-a potaknut \u0107e se gra\u0111ani na tzv. \u201eantistresno hodanje\u201c koje je osmi\u0161ljeno tako da u njemu mogu sudjelovati sve strukturne skupine ljudi: djeca, invalidi, osobe s posebnim potrebama, sporta\u0161i, planinari i svi gra\u0111ani grada Osijeka koji za to budu zainteresirani.<\/p>\n<p style=\"text-align: justify;\">Iako hodanje \u010desto ne do\u017eivljavamo kao rekreaciju, \u010dinjenica je da redovito hodanje ima brojne pozitivne u\u010dinke na na\u0161e zdravlje. Hodanje i uspinjanje planinama ja\u010da mi\u0161i\u0107e \u010ditavog tijela, posebno nogu, te pospje\u0161uje pokretljivost zglobova. Poti\u010de imunolo\u0161ki sustav, prvenstveno sposobnost organizma da se obrani od razli\u010ditih infektivnih bolesti. Pozitivno djeluje na rad srca i krvotok te pospje\u0161uje transport i opskrbljenost krvi kisikom. Pospje\u0161uje izmjenu tvari u organizmu i uz ostalo, bez posebnog re\u017eima prehrane smanjenje masno\u0107e u tijelu, pa tako i tjelesnu te\u017einu. Relaksira, osloba\u0111a stresa, poti\u010de pozitivne emocije i podi\u017ee samopouzdanje. Planinarenje je dakle fizi\u010dki i psiholo\u0161ki trening za organizam. Ono ja\u010da i du\u0161u i tijelo.<\/p>\n<p style=\"text-align: justify;\">Sudionici ture imat \u0107e mogu\u0107nost evidentirati u svoj dnevnik OPP-a dokaz da su pro\u0161li svih 5 kontrolnih to\u010daka u vidu pe\u010data te \u0107e svi oni koji budu skupili svih 5 pe\u010data u dnevnik biti nagra\u0111eni bed\u017eom koji \u0107e im ostati u trajnom vlasni\u0161tvu u spomen na ishodani OPP.<\/p>\n<p style=\"text-align: justify;\">Doga\u0111aj \u0107e se uvrstiti u tradicionalni pohod koji bi se odr\u017eavao svake godine najmanje jednom. Program je od op\u0107eg dru\u0161tvenog interesa za grad Osijek i Osje\u010dko-baranjsku \u017eupaniju jer promi\u010de kulturu planinarenja i izletni\u0161tva, upoznaje gra\u0111ane s osje\u010dkim lokalitetima te omogu\u0107uje gra\u0111anima cijelodnevni boravak u prirodi. Ovo je izvrsna prilika za aktualiziranje jedne od najatraktivnijih pje\u0161a\u010dkih staza u gradu Osijeku budu\u0107i da \u0107e pje\u0161a\u010dka staza voditi po najljep\u0161im dijelovima grada Osijeka. Samom akcijom probudit \u0107e se svijest svih ljudi o va\u017enosti onoga \u0161to sami \u010dinimo za svoje zdravlje.<\/p>\n<p style=\"text-align: justify;\">Veselimo se \u0161to \u0107ete zajedno s nama podijeliti radost obilje\u017eavanja i uveli\u010dati ovako zna\u010dajan doga\u0111aj za na\u0161e Dru\u0161tvo! Nadamo se da \u0107e Vas ljepota pje\u0161a\u010denja na\u0161im predivnim gradom potaknuti na ponovni dolazak svake sljede\u0107e godine u isto vrijeme.<\/p>\n<p style=\"text-align: justify;\">Kupovinom dnevnik OPP-a po simboli\u010dnoj cijeni od 10 kn ostvarujete pravo na konzumaciju porcije graha u udi\u010darskom domu.<\/p>\n<p style=\"text-align: right;\">HPD \u201cBr\u0161ljan-Jankovac\u201d<\/p>\n<\/div>\n<p>[\/et_pb_text][\/et_pb_column][\/et_pb_row][\/et_pb_section]<\/p>\n","protected":false},"excerpt":{"rendered":"<p>Osobito nam je zadovoljstvo pozvati Vas na sudjelovanje u Osje\u010dkom pje\u0161a\u010dkom putu koji \u0107e odr\u017eati 6. listopada 2018. godine. Okupljanje sudionika bit \u0107e na Trgu Ante Star\u010devi\u0107a od 9.00 h, a polazak \u0107e uslijediti s u 10.00 h. Osje\u010dki pje\u0161a\u010dki put obuhva\u0107a 5 kontrolnih to\u010daka (KT): KT1 TRG ANTE STAR\u010cEVI\u0106A KT2 TRG SVETOG TROJSTVA KT3 [&hellip;]<\/p>\n","protected":false},"author":1,"featured_media":0,"comment_status":"closed","ping_status":"open","sticky":false,"template":"","format":"standard","meta":{"_et_pb_use_builder":"on","_et_pb_old_content":"","_et_gb_content_width":"1080","footnotes":""},"categories":[32],"tags":[],"class_list":["post-4247","post","type-post","status-publish","format-standard","hentry","category-32"],"_links":{"self":[{"href":"https:\/\/www.slavonski-planinari.hr\/arhiva\/wp-json\/wp\/v2\/posts\/4247","targetHints":{"allow":["GET"]}}],"collection":[{"href":"https:\/\/www.slavonski-planinari.hr\/arhiva\/wp-json\/wp\/v2\/posts"}],"about":[{"href":"https:\/\/www.slavonski-planinari.hr\/arhiva\/wp-json\/wp\/v2\/types\/post"}],"author":[{"embeddable":true,"href":"https:\/\/www.slavonski-planinari.hr\/arhiva\/wp-json\/wp\/v2\/users\/1"}],"replies":[{"embeddable":true,"href":"https:\/\/www.slavonski-planinari.hr\/arhiva\/wp-json\/wp\/v2\/comments?post=4247"}],"version-history":[{"count":0,"href":"https:\/\/www.slavonski-planinari.hr\/arhiva\/wp-json\/wp\/v2\/posts\/4247\/revisions"}],"wp:attachment":[{"href":"https:\/\/www.slavonski-planinari.hr\/arhiva\/wp-json\/wp\/v2\/media?parent=4247"}],"wp:term":[{"taxonomy":"category","embeddable":true,"href":"https:\/\/www.slavonski-planinari.hr\/arhiva\/wp-json\/wp\/v2\/categories?post=4247"},{"taxonomy":"post_tag","embeddable":true,"href":"https:\/\/www.slavonski-planinari.hr\/arhiva\/wp-json\/wp\/v2\/tags?post=4247"}],"curies":[{"name":"wp","href":"https:\/\/api.w.org\/{rel}","templated":true}]}}