{"id":4243,"date":"2018-09-20T13:26:00","date_gmt":"2018-09-20T12:26:00","guid":{"rendered":"https:\/\/www.slavonski-planinari.hr\/arhiva\/?p=4243"},"modified":"2023-01-25T13:29:35","modified_gmt":"2023-01-25T12:29:35","slug":"tragom-prvog-izleta","status":"publish","type":"post","link":"https:\/\/www.slavonski-planinari.hr\/arhiva\/tragom-prvog-izleta\/","title":{"rendered":"Tragom prvog izleta"},"content":{"rendered":"<p>[et_pb_section fb_built=&#8221;1&#8243; theme_builder_area=&#8221;post_content&#8221; _builder_version=&#8221;4.19.4&#8243; _module_preset=&#8221;default&#8221;][et_pb_row _builder_version=&#8221;4.19.4&#8243; _module_preset=&#8221;default&#8221; theme_builder_area=&#8221;post_content&#8221;][et_pb_column _builder_version=&#8221;4.19.4&#8243; _module_preset=&#8221;default&#8221; type=&#8221;4_4&#8243; theme_builder_area=&#8221;post_content&#8221;][et_pb_text _builder_version=&#8221;4.19.4&#8243; _module_preset=&#8221;default&#8221; theme_builder_area=&#8221;post_content&#8221; hover_enabled=&#8221;0&#8243; sticky_enabled=&#8221;0&#8243;]<\/p>\n<div class=\"itemIntroText\">\n<p>Tradicionalna planinarska manifestacija &#8220;Tragom prvog izleta na\u0161i\u010dkih planinara &#8211; TPI&#8221; se i ove godine odr\u017eava kod kontrolne to\u010dke Staklana (izme\u0111u Seone i Gornje Moti\u010dine) u nedjelju, 30 rujna 2018.<\/p>\n<\/div>\n<div class=\"itemFullText\">\n<p>Okupljanje je do 9 sati kada se kre\u0107e na stazu u trajanju oko 4 h.<\/p>\n<p>Po dolasku o\u010dekuje Vas pi\u0107e dobrodo\u0161lice i doru\u010dak, a nakon \u0161etnje ru\u010dak i pi\u0107e po promotivnim cijenama uz dru\u017eenje.<\/p>\n<p>\u017deljno Vas i\u0161\u010dekujemo na na\u0161oj lijepoj Krndiji uz srda\u010dan planinarski pozdrav.<\/p>\n<p><img loading=\"lazy\" decoding=\"async\" src=\"https:\/\/www.slavonski-planinari.hr\/arhiva\/wp-content\/uploads\/2023\/01\/tpi18a.jpg\" width=\"600\" height=\"848\" alt=\"\" class=\"wp-image-4245 aligncenter size-full\" srcset=\"https:\/\/www.slavonski-planinari.hr\/arhiva\/wp-content\/uploads\/2023\/01\/tpi18a.jpg 600w, https:\/\/www.slavonski-planinari.hr\/arhiva\/wp-content\/uploads\/2023\/01\/tpi18a-480x678.jpg 480w\" sizes=\"(min-width: 0px) and (max-width: 480px) 480px, (min-width: 481px) 600px, 100vw\" \/><\/p>\n<\/div>\n<p>[\/et_pb_text][\/et_pb_column][\/et_pb_row][\/et_pb_section]<\/p>\n","protected":false},"excerpt":{"rendered":"<p>Tradicionalna planinarska manifestacija &#8220;Tragom prvog izleta na\u0161i\u010dkih planinara &#8211; TPI&#8221; se i ove godine odr\u017eava kod kontrolne to\u010dke Staklana (izme\u0111u Seone i Gornje Moti\u010dine) u nedjelju, 30 rujna 2018. Okupljanje je do 9 sati kada se kre\u0107e na stazu u trajanju oko 4 h. Po dolasku o\u010dekuje Vas pi\u0107e dobrodo\u0161lice i doru\u010dak, a nakon \u0161etnje [&hellip;]<\/p>\n","protected":false},"author":1,"featured_media":0,"comment_status":"closed","ping_status":"open","sticky":false,"template":"","format":"standard","meta":{"_et_pb_use_builder":"on","_et_pb_old_content":"","_et_gb_content_width":"1080","footnotes":""},"categories":[32],"tags":[],"class_list":["post-4243","post","type-post","status-publish","format-standard","hentry","category-32"],"_links":{"self":[{"href":"https:\/\/www.slavonski-planinari.hr\/arhiva\/wp-json\/wp\/v2\/posts\/4243","targetHints":{"allow":["GET"]}}],"collection":[{"href":"https:\/\/www.slavonski-planinari.hr\/arhiva\/wp-json\/wp\/v2\/posts"}],"about":[{"href":"https:\/\/www.slavonski-planinari.hr\/arhiva\/wp-json\/wp\/v2\/types\/post"}],"author":[{"embeddable":true,"href":"https:\/\/www.slavonski-planinari.hr\/arhiva\/wp-json\/wp\/v2\/users\/1"}],"replies":[{"embeddable":true,"href":"https:\/\/www.slavonski-planinari.hr\/arhiva\/wp-json\/wp\/v2\/comments?post=4243"}],"version-history":[{"count":0,"href":"https:\/\/www.slavonski-planinari.hr\/arhiva\/wp-json\/wp\/v2\/posts\/4243\/revisions"}],"wp:attachment":[{"href":"https:\/\/www.slavonski-planinari.hr\/arhiva\/wp-json\/wp\/v2\/media?parent=4243"}],"wp:term":[{"taxonomy":"category","embeddable":true,"href":"https:\/\/www.slavonski-planinari.hr\/arhiva\/wp-json\/wp\/v2\/categories?post=4243"},{"taxonomy":"post_tag","embeddable":true,"href":"https:\/\/www.slavonski-planinari.hr\/arhiva\/wp-json\/wp\/v2\/tags?post=4243"}],"curies":[{"name":"wp","href":"https:\/\/api.w.org\/{rel}","templated":true}]}}