{"id":4239,"date":"2018-09-04T13:23:00","date_gmt":"2018-09-04T12:23:00","guid":{"rendered":"https:\/\/www.slavonski-planinari.hr\/arhiva\/?p=4239"},"modified":"2023-01-25T13:26:03","modified_gmt":"2023-01-25T12:26:03","slug":"tecaj-za-vodice-na-omanovcu-29-i-30-rujna-te-6-i-7-listopada","status":"publish","type":"post","link":"https:\/\/www.slavonski-planinari.hr\/arhiva\/tecaj-za-vodice-na-omanovcu-29-i-30-rujna-te-6-i-7-listopada\/","title":{"rendered":"Te\u010daj za vodi\u010de na Omanovcu 29. i 30. rujna te 6. i 7. listopada"},"content":{"rendered":"<p>[et_pb_section fb_built=&#8221;1&#8243; theme_builder_area=&#8221;post_content&#8221; _builder_version=&#8221;4.19.4&#8243; _module_preset=&#8221;default&#8221; custom_padding=&#8221;||436px|||&#8221;][et_pb_row _builder_version=&#8221;4.19.4&#8243; _module_preset=&#8221;default&#8221; theme_builder_area=&#8221;post_content&#8221;][et_pb_column _builder_version=&#8221;4.19.4&#8243; _module_preset=&#8221;default&#8221; type=&#8221;4_4&#8243; theme_builder_area=&#8221;post_content&#8221;][et_pb_text _builder_version=&#8221;4.19.4&#8243; _module_preset=&#8221;default&#8221; theme_builder_area=&#8221;post_content&#8221; hover_enabled=&#8221;0&#8243; sticky_enabled=&#8221;0&#8243;]<\/p>\n<div class=\"itemIntroText\">\n<p><img loading=\"lazy\" decoding=\"async\" src=\"https:\/\/www.slavonski-planinari.hr\/arhiva\/wp-content\/uploads\/2023\/01\/vodicka-sluzba.jpg\" width=\"141\" height=\"141\" alt=\"\" class=\"wp-image-4241 alignleft size-full\" srcset=\"https:\/\/www.slavonski-planinari.hr\/arhiva\/wp-content\/uploads\/2023\/01\/vodicka-sluzba.jpg 160w, https:\/\/www.slavonski-planinari.hr\/arhiva\/wp-content\/uploads\/2023\/01\/vodicka-sluzba-150x150.jpg 150w\" sizes=\"(max-width: 141px) 100vw, 141px\" \/>Te\u010daj za planinarske vodi\u010de A standarda ponovno u Slavoniji, na Omanovcu, u terminima 29\/30.9.2018. i 6\/7.10.2018.<\/p>\n<p>Pozivamo sva dru\u0161tva (i pojedince) koji imaju \u017eelje i potrebe da iskoriste ovu mogu\u0107nost kako ne bi putovali na te\u010daj u neko udaljenije mjesto.<\/p>\n<\/div>\n<div class=\"itemFullText\">\n<p>Broj polaznika je ograni\u010den pa treba \u010dim prije izvr\u0161iti prijavu.<\/p>\n<p>Te\u010daj organizira Komisija za vodi\u010de HPS pa se svi uvjeti, kontakt voditelja i obavezna online prijavnica mogu prona\u0107i<span>\u00a0<\/span><a href=\"http:\/\/www.hps.hr\/vijesti\/9246\/tecaj-za-vodice-na-omanovcu-29-i-30-rujna-te-6-i-7-listopada\/\">ovdje<\/a>.<\/p>\n<\/div>\n<p>[\/et_pb_text][\/et_pb_column][\/et_pb_row][\/et_pb_section]<\/p>\n","protected":false},"excerpt":{"rendered":"<p>Te\u010daj za planinarske vodi\u010de A standarda ponovno u Slavoniji, na Omanovcu, u terminima 29\/30.9.2018. i 6\/7.10.2018. Pozivamo sva dru\u0161tva (i pojedince) koji imaju \u017eelje i potrebe da iskoriste ovu mogu\u0107nost kako ne bi putovali na te\u010daj u neko udaljenije mjesto. Broj polaznika je ograni\u010den pa treba \u010dim prije izvr\u0161iti prijavu. Te\u010daj organizira Komisija za vodi\u010de [&hellip;]<\/p>\n","protected":false},"author":1,"featured_media":0,"comment_status":"closed","ping_status":"open","sticky":false,"template":"","format":"standard","meta":{"_et_pb_use_builder":"on","_et_pb_old_content":"","_et_gb_content_width":"1080","footnotes":""},"categories":[32],"tags":[],"class_list":["post-4239","post","type-post","status-publish","format-standard","hentry","category-32"],"_links":{"self":[{"href":"https:\/\/www.slavonski-planinari.hr\/arhiva\/wp-json\/wp\/v2\/posts\/4239","targetHints":{"allow":["GET"]}}],"collection":[{"href":"https:\/\/www.slavonski-planinari.hr\/arhiva\/wp-json\/wp\/v2\/posts"}],"about":[{"href":"https:\/\/www.slavonski-planinari.hr\/arhiva\/wp-json\/wp\/v2\/types\/post"}],"author":[{"embeddable":true,"href":"https:\/\/www.slavonski-planinari.hr\/arhiva\/wp-json\/wp\/v2\/users\/1"}],"replies":[{"embeddable":true,"href":"https:\/\/www.slavonski-planinari.hr\/arhiva\/wp-json\/wp\/v2\/comments?post=4239"}],"version-history":[{"count":0,"href":"https:\/\/www.slavonski-planinari.hr\/arhiva\/wp-json\/wp\/v2\/posts\/4239\/revisions"}],"wp:attachment":[{"href":"https:\/\/www.slavonski-planinari.hr\/arhiva\/wp-json\/wp\/v2\/media?parent=4239"}],"wp:term":[{"taxonomy":"category","embeddable":true,"href":"https:\/\/www.slavonski-planinari.hr\/arhiva\/wp-json\/wp\/v2\/categories?post=4239"},{"taxonomy":"post_tag","embeddable":true,"href":"https:\/\/www.slavonski-planinari.hr\/arhiva\/wp-json\/wp\/v2\/tags?post=4239"}],"curies":[{"name":"wp","href":"https:\/\/api.w.org\/{rel}","templated":true}]}}