{"id":4231,"date":"2018-09-04T13:19:00","date_gmt":"2018-09-04T12:19:00","guid":{"rendered":"https:\/\/www.slavonski-planinari.hr\/arhiva\/?p=4231"},"modified":"2023-01-25T13:21:04","modified_gmt":"2023-01-25T12:21:04","slug":"29-09-2018-kroz-vinograde-i-sume","status":"publish","type":"post","link":"https:\/\/www.slavonski-planinari.hr\/arhiva\/29-09-2018-kroz-vinograde-i-sume\/","title":{"rendered":"29.09.2018. &#8211; Kroz vinograde i \u0161ume"},"content":{"rendered":"<p>[et_pb_section fb_built=&#8221;1&#8243; theme_builder_area=&#8221;post_content&#8221; _builder_version=&#8221;4.19.4&#8243; _module_preset=&#8221;default&#8221;][et_pb_row _builder_version=&#8221;4.19.4&#8243; _module_preset=&#8221;default&#8221; theme_builder_area=&#8221;post_content&#8221;][et_pb_column _builder_version=&#8221;4.19.4&#8243; _module_preset=&#8221;default&#8221; type=&#8221;4_4&#8243; theme_builder_area=&#8221;post_content&#8221;][et_pb_text _builder_version=&#8221;4.19.4&#8243; _module_preset=&#8221;default&#8221; theme_builder_area=&#8221;post_content&#8221; hover_enabled=&#8221;0&#8243; sticky_enabled=&#8221;0&#8243;]<\/p>\n<ul>\n<li>29.09. subota &#8211; izlet &#8220;Kroz vinograde i \u0161ume&#8221;, HPD Sokol Feri\u010danci, u sklopu prvog Festivala frankovke.<br \/>(Josip \u0160alek, 098627401,<span>\u00a0<\/span><span id=\"cloak52a08b318ee05145449a6ec4ed735029\"><a href=\"mailto:josip.salek@gmail.com\">josip.salek@gmail.com<\/a><\/span>)<\/li>\n<\/ul>\n<p><img loading=\"lazy\" decoding=\"async\" src=\"https:\/\/www.slavonski-planinari.hr\/arhiva\/wp-content\/uploads\/2023\/01\/frankovka.jpg\" width=\"170\" height=\"113\" alt=\"\" class=\"wp-image-4233 alignleft size-full\" \/>Pozivamo vas na 27.susret planinara &#8220;Kroz vinograde i \u0161ume&#8221; u Feri\u010dancima.\u00a0<\/p>\n<p>Manifestacija \u0107e se odr\u017eati u subotu, 29. rujna.<\/p>\n<p>Ove godine manifestacija je oboga\u0107ena &#8220;1.Festivalom frankovke&#8221; koji je pod pokroviteljstvom Op\u0107ine Feri\u010danci i Osje\u010dko-baranjske \u017eupanije.<\/p>\n<p><strong>Subota, 29.9.2018.<\/strong><\/p>\n<p><strong>PROGRAM<\/strong><\/p>\n<p>&#8211; 9:00 &#8211; planinarska manifestacija &#8220;Kroz \u0161ume i vinograde u organizaciji HPD Sokol, Feri\u010danci<br \/>&#8211; 10:00 &#8211; Dan otvorenih vrata podruma vinarije Feravino<br \/>&#8211; 15:00 &#8211; Sve\u010dano otvaranje &#8220;1. Festivala Frankovke&#8221;<br \/>&#8211; 16:00 &#8211; Smotra folklora HKD-a &#8220;Manuel&#8221; Feri\u010danci<br \/>&#8211; 17:00 &#8211; Dodjela diploma i priznanja za najbolja vina sorte Frankovka<br \/>&#8211; 20:00 &#8211; Zatvaranje festivala<br \/>* 15:00 &#8211; 20:00 &#8211; glazbeni program<\/p>\n<p>&nbsp;<\/p>\n<p><img loading=\"lazy\" decoding=\"async\" src=\"https:\/\/www.slavonski-planinari.hr\/arhiva\/wp-content\/uploads\/2023\/01\/frankovka2.jpg\" width=\"700\" height=\"431\" alt=\"\" class=\"wp-image-4234 aligncenter size-full\" srcset=\"https:\/\/www.slavonski-planinari.hr\/arhiva\/wp-content\/uploads\/2023\/01\/frankovka2.jpg 700w, https:\/\/www.slavonski-planinari.hr\/arhiva\/wp-content\/uploads\/2023\/01\/frankovka2-480x296.jpg 480w\" sizes=\"(min-width: 0px) and (max-width: 480px) 480px, (min-width: 481px) 700px, 100vw\" \/><\/p>\n<p>[\/et_pb_text][\/et_pb_column][\/et_pb_row][\/et_pb_section]<\/p>\n","protected":false},"excerpt":{"rendered":"<p>29.09. subota &#8211; izlet &#8220;Kroz vinograde i \u0161ume&#8221;, HPD Sokol Feri\u010danci, u sklopu prvog Festivala frankovke.(Josip \u0160alek, 098627401,\u00a0josip.salek@gmail.com) Pozivamo vas na 27.susret planinara &#8220;Kroz vinograde i \u0161ume&#8221; u Feri\u010dancima.\u00a0 Manifestacija \u0107e se odr\u017eati u subotu, 29. rujna. Ove godine manifestacija je oboga\u0107ena &#8220;1.Festivalom frankovke&#8221; koji je pod pokroviteljstvom Op\u0107ine Feri\u010danci i Osje\u010dko-baranjske \u017eupanije. Subota, 29.9.2018. [&hellip;]<\/p>\n","protected":false},"author":1,"featured_media":0,"comment_status":"closed","ping_status":"open","sticky":false,"template":"","format":"standard","meta":{"_et_pb_use_builder":"on","_et_pb_old_content":"","_et_gb_content_width":"1080","footnotes":""},"categories":[32],"tags":[],"class_list":["post-4231","post","type-post","status-publish","format-standard","hentry","category-32"],"_links":{"self":[{"href":"https:\/\/www.slavonski-planinari.hr\/arhiva\/wp-json\/wp\/v2\/posts\/4231","targetHints":{"allow":["GET"]}}],"collection":[{"href":"https:\/\/www.slavonski-planinari.hr\/arhiva\/wp-json\/wp\/v2\/posts"}],"about":[{"href":"https:\/\/www.slavonski-planinari.hr\/arhiva\/wp-json\/wp\/v2\/types\/post"}],"author":[{"embeddable":true,"href":"https:\/\/www.slavonski-planinari.hr\/arhiva\/wp-json\/wp\/v2\/users\/1"}],"replies":[{"embeddable":true,"href":"https:\/\/www.slavonski-planinari.hr\/arhiva\/wp-json\/wp\/v2\/comments?post=4231"}],"version-history":[{"count":0,"href":"https:\/\/www.slavonski-planinari.hr\/arhiva\/wp-json\/wp\/v2\/posts\/4231\/revisions"}],"wp:attachment":[{"href":"https:\/\/www.slavonski-planinari.hr\/arhiva\/wp-json\/wp\/v2\/media?parent=4231"}],"wp:term":[{"taxonomy":"category","embeddable":true,"href":"https:\/\/www.slavonski-planinari.hr\/arhiva\/wp-json\/wp\/v2\/categories?post=4231"},{"taxonomy":"post_tag","embeddable":true,"href":"https:\/\/www.slavonski-planinari.hr\/arhiva\/wp-json\/wp\/v2\/tags?post=4231"}],"curies":[{"name":"wp","href":"https:\/\/api.w.org\/{rel}","templated":true}]}}