{"id":4223,"date":"2018-09-04T13:14:00","date_gmt":"2018-09-04T12:14:00","guid":{"rendered":"https:\/\/www.slavonski-planinari.hr\/arhiva\/?p=4223"},"modified":"2023-01-25T13:17:36","modified_gmt":"2023-01-25T12:17:36","slug":"68-dan-slavonskih-planinara","status":"publish","type":"post","link":"https:\/\/www.slavonski-planinari.hr\/arhiva\/68-dan-slavonskih-planinara\/","title":{"rendered":"68. dan slavonskih planinara"},"content":{"rendered":"<p>[et_pb_section fb_built=&#8221;1&#8243; theme_builder_area=&#8221;post_content&#8221; _builder_version=&#8221;4.19.4&#8243; _module_preset=&#8221;default&#8221;][et_pb_row _builder_version=&#8221;4.19.4&#8243; _module_preset=&#8221;default&#8221; theme_builder_area=&#8221;post_content&#8221;][et_pb_column _builder_version=&#8221;4.19.4&#8243; _module_preset=&#8221;default&#8221; type=&#8221;4_4&#8243; theme_builder_area=&#8221;post_content&#8221;][et_pb_text _builder_version=&#8221;4.19.4&#8243; _module_preset=&#8221;default&#8221; theme_builder_area=&#8221;post_content&#8221; hover_enabled=&#8221;0&#8243; sticky_enabled=&#8221;0&#8243;]<\/p>\n<div class=\"itemIntroText\">\n<p><img loading=\"lazy\" decoding=\"async\" src=\"https:\/\/www.slavonski-planinari.hr\/arhiva\/wp-content\/uploads\/2023\/01\/68dan-planinara-logo.jpg\" width=\"170\" height=\"169\" alt=\"\" class=\"wp-image-4225 alignleft size-full\" srcset=\"https:\/\/www.slavonski-planinari.hr\/arhiva\/wp-content\/uploads\/2023\/01\/68dan-planinara-logo.jpg 170w, https:\/\/www.slavonski-planinari.hr\/arhiva\/wp-content\/uploads\/2023\/01\/68dan-planinara-logo-150x150.jpg 150w\" sizes=\"(max-width: 170px) 100vw, 170px\" \/>HPD \u201eSokolovac\u201d i udruga \u201eSlavonski planinari\u201d pozivaju vas na<span>\u00a0<\/span><strong>68. dan slavonskih planinara<\/strong>, koji \u0107e se odr\u017eati u nedjelju, 9. rujna 2018., povodom jubileja i pod pokroviteljstvom Grada Po\u017eega.<\/p>\n<p>Dobro do\u0161li u Po\u017eegu !!!<\/p>\n<\/div>\n<div class=\"itemFullText\">\n<p><strong>PROGRAM:<\/strong><\/p>\n<ul>\n<li>8:30 &#8211; Okupljanje sudionika<br \/>biv\u0161i atletski stadion iza Gimnazije Po\u017eega (Ul. dr. F. Tu\u0111mana 4\/a)<\/li>\n<\/ul>\n<p>Parkiranje vozila u istoj ili susjednim ulicama, nedjeljom nema naplate. Autobusi mogu do\u0107i do gimnazije samo zbog izlaska i poslije parkirati kod \u017eelje\u017eni\u010dkog kolodvora (kod &#8220;\u0106ire&#8221;) ili starog autobusnog kolodvora (udaljeni oko 300 metara od gimnazije) ili odmah parkirati na jednom od navedenih kolodvora pa do\u0107i pje\u0161ice.<\/p>\n<ul>\n<li>9:30 &#8211; Polazak na dvije staze po Po\u017ee\u0161koj gori:<br \/>1. Staza \u201eKrug s Matkom Pei\u0107em &#8211; Po\u017ee\u0161ka gora i Po\u017eega\u201c (3h \u2013 3,5h)<br \/>2. Staza \u201ePo\u017ee\u0161ki Martinjski put\u201c (4,5h &#8211; 5h)<\/li>\n<\/ul>\n<p>Staze nisu zahtjevne, a vrijeme trajanja ovisi o kondiciji i spremnosti grupe.<\/p>\n<p><img loading=\"lazy\" decoding=\"async\" src=\"https:\/\/www.slavonski-planinari.hr\/arhiva\/wp-content\/uploads\/2023\/01\/68dan-planinara-lokacika.jpg\" width=\"800\" height=\"839\" alt=\"\" class=\"wp-image-4226 aligncenter size-full\" srcset=\"https:\/\/www.slavonski-planinari.hr\/arhiva\/wp-content\/uploads\/2023\/01\/68dan-planinara-lokacika.jpg 800w, https:\/\/www.slavonski-planinari.hr\/arhiva\/wp-content\/uploads\/2023\/01\/68dan-planinara-lokacika-480x503.jpg 480w\" sizes=\"(min-width: 0px) and (max-width: 480px) 480px, (min-width: 481px) 800px, 100vw\" \/><\/p>\n<p>Odje\u0107u i obu\u0107u prilagoditi vremenskim uvjetima.<\/p>\n<p>Nakon povratka s Po\u017ee\u0161ke gore slijedi tradicionalni ru\u010dak, dru\u017eenje i sportsko-zabavni program. Prigodni pe\u010dat &#8230;<\/p>\n<p>Molimo prijavite svoj dolazak najkasnije do petka, 7.09.2018., kako bi mogli osigurati potrebnu logistiku.<\/p>\n<p>Informacije i prijave:<\/p>\n<ul>\n<li>Predrag Livak: 099\/3020-007, e-mail:<span>\u00a0<\/span><span id=\"cloakec14d2432a963206816b59887255b26e\"><a href=\"mailto:hpd.sokolovac@gmail.com\">hpd.sokolovac@gmail.com<\/a><\/span><\/li>\n<li>Otmar Tosenberger: 091\/1814-119, e-mail:<span>\u00a0<\/span><span id=\"cloakf447fd5b3e92716de5ee757dc590cffc\"><a href=\"mailto:slavonski.planinari@gmail.com\">slavonski.planinari@gmail.com<\/a><\/span><\/li>\n<\/ul>\n<\/div>\n<p>[\/et_pb_text][\/et_pb_column][\/et_pb_row][\/et_pb_section]<\/p>\n","protected":false},"excerpt":{"rendered":"<p>HPD \u201eSokolovac\u201d i udruga \u201eSlavonski planinari\u201d pozivaju vas na\u00a068. dan slavonskih planinara, koji \u0107e se odr\u017eati u nedjelju, 9. rujna 2018., povodom jubileja i pod pokroviteljstvom Grada Po\u017eega. Dobro do\u0161li u Po\u017eegu !!! PROGRAM: 8:30 &#8211; Okupljanje sudionikabiv\u0161i atletski stadion iza Gimnazije Po\u017eega (Ul. dr. F. Tu\u0111mana 4\/a) Parkiranje vozila u istoj ili susjednim ulicama, [&hellip;]<\/p>\n","protected":false},"author":1,"featured_media":0,"comment_status":"closed","ping_status":"open","sticky":false,"template":"","format":"standard","meta":{"_et_pb_use_builder":"on","_et_pb_old_content":"","_et_gb_content_width":"1080","footnotes":""},"categories":[32],"tags":[],"class_list":["post-4223","post","type-post","status-publish","format-standard","hentry","category-32"],"_links":{"self":[{"href":"https:\/\/www.slavonski-planinari.hr\/arhiva\/wp-json\/wp\/v2\/posts\/4223","targetHints":{"allow":["GET"]}}],"collection":[{"href":"https:\/\/www.slavonski-planinari.hr\/arhiva\/wp-json\/wp\/v2\/posts"}],"about":[{"href":"https:\/\/www.slavonski-planinari.hr\/arhiva\/wp-json\/wp\/v2\/types\/post"}],"author":[{"embeddable":true,"href":"https:\/\/www.slavonski-planinari.hr\/arhiva\/wp-json\/wp\/v2\/users\/1"}],"replies":[{"embeddable":true,"href":"https:\/\/www.slavonski-planinari.hr\/arhiva\/wp-json\/wp\/v2\/comments?post=4223"}],"version-history":[{"count":0,"href":"https:\/\/www.slavonski-planinari.hr\/arhiva\/wp-json\/wp\/v2\/posts\/4223\/revisions"}],"wp:attachment":[{"href":"https:\/\/www.slavonski-planinari.hr\/arhiva\/wp-json\/wp\/v2\/media?parent=4223"}],"wp:term":[{"taxonomy":"category","embeddable":true,"href":"https:\/\/www.slavonski-planinari.hr\/arhiva\/wp-json\/wp\/v2\/categories?post=4223"},{"taxonomy":"post_tag","embeddable":true,"href":"https:\/\/www.slavonski-planinari.hr\/arhiva\/wp-json\/wp\/v2\/tags?post=4223"}],"curies":[{"name":"wp","href":"https:\/\/api.w.org\/{rel}","templated":true}]}}